{"id":1505,"date":"2026-01-19T14:41:25","date_gmt":"2026-01-19T13:41:25","guid":{"rendered":"https:\/\/www.weandmecfs.org\/?p=1505"},"modified":"2026-04-28T12:37:07","modified_gmt":"2026-04-28T11:37:07","slug":"unsere-geschichte","status":"publish","type":"post","link":"https:\/\/www.weandmecfs.org\/de\/unsere-geschichte\/","title":{"rendered":"Unsere Geschichte"},"content":{"rendered":"\n<p>Willkommen bei der WE&amp;ME Stiftung.<\/p>\n\n\n\n<p>Die WE&amp;ME Stiftung (ehemals TEMPI Stiftung) wurde 2020 von der Familie Str\u00f6ck gegr\u00fcndet und hat ihren Sitz in Wien, \u00d6sterreich, wo die Familie f\u00fcr ihre <a href=\"https:\/\/stroeck.at\/\" target=\"_blank\" rel=\"noreferrer noopener\">&#8222;Str\u00f6ck&#8220; B\u00e4ckereien<\/a> bekannt ist, die seit Generationen mit ihren Backwaren begeistern.<\/p>\n\n\n\n<p>Der Weg der Familie Str\u00f6ck wurde durch die Auswirkungen von ME\/CFS tiefgreifend beeinflusst und hat das Wesen und den Zweck der WE&amp;ME Stiftung mit unersch\u00fctterlicher Entschlossenheit geformt. Zwei Br\u00fcder, Christoph und Philipp Str\u00f6ck, die beide von ME\/CFS betroffen sind, leiten die Mission der Stiftung. Christoph, der j\u00fcngere Bruder, erhielt die Diagnose 2016 nach jahrelanger Krankheit, und sein Zustand verschlimmerte sich aufgrund der falschen Vorstellungen \u00fcber ME\/CFS. Im Jahr 2018 erhielt auch Philipp, der \u00e4ltere Bruder, eine Diagnose.<\/p>\n\n\n\n<p>Die Familie erfuhr aus erster Hand, dass es nur wenige \u00c4rzte gibt, die sich mit der Diagnose und Behandlung von ME\/CFS auskennen. Im Laufe der Jahre wurde der Familie Str\u00f6ck die Bedeutung der Missst\u00e4nde im Bereich der sozialen Sicherheit und der Unterst\u00fctzung f\u00fcr die Millionen von ME\/CFS-Patienten bewusst.<\/p>\n\n\n\n<p>Der anhaltende Fachkr\u00e4ftemangel in diesem Bereich hat dazu gef\u00fchrt, dass die Patienten auf sich allein gestellt sind, wenn es um die Diagnose und die notwendige Unterst\u00fctzung geht, eine Situation, die h\u00e4ufig zu einer irreversiblen Verschlechterung des Gesundheitszustands der Patienten f\u00fchrt. In vielen F\u00e4llen k\u00f6nnen sie nicht an ihren Arbeitsplatz zur\u00fcckkehren, was zu einem Mangel an sozialer Unterst\u00fctzung f\u00fchrt. Die Situation, in der sich die Patienten und ihre Angeh\u00f6rigen zus\u00e4tzlich zur Realit\u00e4t dieser grausamen Krankheit befinden, ist v\u00f6llig inakzeptabel.<\/p>\n\n\n\n<p>Urspr\u00fcnglich selbstfinanziert, bem\u00fcht sich die Stiftung nun darum, Mittel und Bewusstsein f\u00fcr die Forschung zu schaffen, um die Situation der Patienten und ihrer Angeh\u00f6rigen zu verbessern.<\/p>\n\n\n\n<p>Die Familie Str\u00f6ck und das engagierte WE&amp;ME-Team setzen sich daf\u00fcr ein, bahnbrechende Forschungsarbeiten zu finanzieren, die die Komplexit\u00e4t von ME\/CFS aufdecken und wirksame Behandlungen und eine Heilung n\u00e4her bringen. Wir hoffen, dass sich unser unerm\u00fcdliches Engagement in jeder Initiative widerspiegelt, die wir ergreifen, um die Belastungen, die ME\/CFS mit sich bringt, zu lindern.<\/p>\n\n\n\n<p>Begleiten Sie uns auf dieser Reise, um das Leben der von ME\/CFS Betroffenen sp\u00fcrbar zu verbessern. Gemeinsam k\u00f6nnen wir vorankommen und einen positiven Wandel herbeif\u00fchren.<\/p>\n","protected":false},"excerpt":{"rendered":"<p>Willkommen bei der WE&amp;ME Stiftung. Die WE&amp;ME Stiftung (ehemals TEMPI Stiftung) wurde 2020 von der Familie Str\u00f6ck gegr\u00fcndet und hat ihren Sitz in Wien, \u00d6sterreich, wo die Familie f\u00fcr ihre &#8222;Str\u00f6ck&#8220; B\u00e4ckereien bekannt ist, die seit Generationen mit ihren Backwaren begeistern. Der Weg der Familie Str\u00f6ck wurde durch die Auswirkungen von ME\/CFS tiefgreifend beeinflusst und [&hellip;]<\/p>\n","protected":false},"author":5,"featured_media":0,"comment_status":"open","ping_status":"open","sticky":false,"template":"","format":"standard","meta":{"_acf_changed":false,"footnotes":""},"categories":[],"tags":[],"class_list":["post-1505","post","type-post","status-publish","format-standard","hentry"],"acf":[],"yoast_head":"<!-- This site is optimized with the Yoast SEO plugin v27.5 - https:\/\/yoast.com\/product\/yoast-seo-wordpress\/ -->\n<title>Unsere Geschichte &#8226; WE &amp; ME Stiftung<\/title>\n<meta name=\"description\" content=\"Willkommen bei der WE&amp;ME Stiftung. Die WE&amp;ME Stiftung (ehemals TEMPI Stiftung) wurde 2020 von der Familie Str\u00f6ck gegr\u00fcndet und hat ihren Sitz in\" \/>\n<meta name=\"robots\" content=\"index, follow, max-snippet:-1, max-image-preview:large, max-video-preview:-1\" \/>\n<link rel=\"canonical\" href=\"https:\/\/www.weandmecfs.org\/de\/unsere-geschichte\/\" \/>\n<meta property=\"og:locale\" content=\"de_DE\" \/>\n<meta property=\"og:type\" content=\"article\" \/>\n<meta property=\"og:title\" content=\"Unsere Geschichte &#8226; WE &amp; ME Stiftung\" \/>\n<meta property=\"og:description\" content=\"Willkommen bei der WE&amp;ME Stiftung. Die WE&amp;ME Stiftung (ehemals TEMPI Stiftung) wurde 2020 von der Familie Str\u00f6ck gegr\u00fcndet und hat ihren Sitz in\" \/>\n<meta property=\"og:url\" content=\"https:\/\/www.weandmecfs.org\/de\/unsere-geschichte\/\" \/>\n<meta property=\"og:site_name\" content=\"WE &amp; ME Stiftung\" \/>\n<meta property=\"article:published_time\" content=\"2026-01-19T13:41:25+00:00\" \/>\n<meta property=\"article:modified_time\" content=\"2026-04-28T11:37:07+00:00\" \/>\n<meta property=\"og:image\" content=\"https:\/\/www.weandmecfs.org\/wp-content\/uploads\/2025\/12\/defualt-1400x700-1.jpg\" \/>\n\t<meta property=\"og:image:width\" content=\"1400\" \/>\n\t<meta property=\"og:image:height\" content=\"700\" \/>\n\t<meta property=\"og:image:type\" content=\"image\/jpeg\" \/>\n<meta name=\"author\" content=\"Christoph Blach\" \/>\n<meta name=\"twitter:card\" content=\"summary_large_image\" \/>\n<meta name=\"twitter:creator\" content=\"@weandmecfs\" \/>\n<meta name=\"twitter:site\" content=\"@weandmecfs\" \/>\n<meta name=\"twitter:label1\" content=\"Verfasst von\" \/>\n\t<meta name=\"twitter:data1\" content=\"Christoph Blach\" \/>\n\t<meta name=\"twitter:label2\" content=\"Gesch\u00e4tzte Lesezeit\" \/>\n\t<meta name=\"twitter:data2\" content=\"2\u00a0Minuten\" \/>\n<script type=\"application\/ld+json\" class=\"yoast-schema-graph\">{\"@context\":\"https:\\\/\\\/schema.org\",\"@graph\":[{\"@type\":\"Article\",\"@id\":\"https:\\\/\\\/www.weandmecfs.org\\\/de\\\/unsere-geschichte\\\/#article\",\"isPartOf\":{\"@id\":\"https:\\\/\\\/www.weandmecfs.org\\\/de\\\/unsere-geschichte\\\/\"},\"author\":{\"name\":\"Christoph Blach\",\"@id\":\"https:\\\/\\\/www.weandmecfs.org\\\/de\\\/#\\\/schema\\\/person\\\/de9c2eeee722b668991be052d786f858\"},\"headline\":\"Unsere Geschichte\",\"datePublished\":\"2026-01-19T13:41:25+00:00\",\"dateModified\":\"2026-04-28T11:37:07+00:00\",\"mainEntityOfPage\":{\"@id\":\"https:\\\/\\\/www.weandmecfs.org\\\/de\\\/unsere-geschichte\\\/\"},\"wordCount\":403,\"commentCount\":0,\"publisher\":{\"@id\":\"https:\\\/\\\/www.weandmecfs.org\\\/de\\\/#organization\"},\"inLanguage\":\"de\",\"potentialAction\":[{\"@type\":\"CommentAction\",\"name\":\"Comment\",\"target\":[\"https:\\\/\\\/www.weandmecfs.org\\\/de\\\/unsere-geschichte\\\/#respond\"]}]},{\"@type\":\"WebPage\",\"@id\":\"https:\\\/\\\/www.weandmecfs.org\\\/de\\\/unsere-geschichte\\\/\",\"url\":\"https:\\\/\\\/www.weandmecfs.org\\\/de\\\/unsere-geschichte\\\/\",\"name\":\"Unsere Geschichte &#8226; WE &amp; ME Stiftung\",\"isPartOf\":{\"@id\":\"https:\\\/\\\/www.weandmecfs.org\\\/de\\\/#website\"},\"datePublished\":\"2026-01-19T13:41:25+00:00\",\"dateModified\":\"2026-04-28T11:37:07+00:00\",\"description\":\"Willkommen bei der WE&amp;ME Stiftung. Die WE&amp;ME Stiftung (ehemals TEMPI Stiftung) wurde 2020 von der Familie Str\u00f6ck gegr\u00fcndet und hat ihren Sitz in\",\"breadcrumb\":{\"@id\":\"https:\\\/\\\/www.weandmecfs.org\\\/de\\\/unsere-geschichte\\\/#breadcrumb\"},\"inLanguage\":\"de\",\"potentialAction\":[{\"@type\":\"ReadAction\",\"target\":[\"https:\\\/\\\/www.weandmecfs.org\\\/de\\\/unsere-geschichte\\\/\"]}]},{\"@type\":\"BreadcrumbList\",\"@id\":\"https:\\\/\\\/www.weandmecfs.org\\\/de\\\/unsere-geschichte\\\/#breadcrumb\",\"itemListElement\":[{\"@type\":\"ListItem\",\"position\":1,\"name\":\"Home\",\"item\":\"https:\\\/\\\/www.weandmecfs.org\\\/de\\\/\"},{\"@type\":\"ListItem\",\"position\":2,\"name\":\"Unsere Geschichte\"}]},{\"@type\":\"WebSite\",\"@id\":\"https:\\\/\\\/www.weandmecfs.org\\\/de\\\/#website\",\"url\":\"https:\\\/\\\/www.weandmecfs.org\\\/de\\\/\",\"name\":\"WE&ME Stiftung\",\"description\":\"Raising awareness, funds and support for #ME\\\/CFS.\",\"publisher\":{\"@id\":\"https:\\\/\\\/www.weandmecfs.org\\\/de\\\/#organization\"},\"potentialAction\":[{\"@type\":\"SearchAction\",\"target\":{\"@type\":\"EntryPoint\",\"urlTemplate\":\"https:\\\/\\\/www.weandmecfs.org\\\/de\\\/?s={search_term_string}\"},\"query-input\":{\"@type\":\"PropertyValueSpecification\",\"valueRequired\":true,\"valueName\":\"search_term_string\"}}],\"inLanguage\":\"de\"},{\"@type\":\"Organization\",\"@id\":\"https:\\\/\\\/www.weandmecfs.org\\\/de\\\/#organization\",\"name\":\"WE&ME Foundation\",\"url\":\"https:\\\/\\\/www.weandmecfs.org\\\/de\\\/\",\"logo\":{\"@type\":\"ImageObject\",\"inLanguage\":\"de\",\"@id\":\"https:\\\/\\\/www.weandmecfs.org\\\/de\\\/#\\\/schema\\\/logo\\\/image\\\/\",\"url\":\"https:\\\/\\\/www.weandmecfs.org\\\/wp-content\\\/uploads\\\/2025\\\/11\\\/logo.svg\",\"contentUrl\":\"https:\\\/\\\/www.weandmecfs.org\\\/wp-content\\\/uploads\\\/2025\\\/11\\\/logo.svg\",\"width\":1,\"height\":1,\"caption\":\"WE&ME Foundation\"},\"image\":{\"@id\":\"https:\\\/\\\/www.weandmecfs.org\\\/de\\\/#\\\/schema\\\/logo\\\/image\\\/\"},\"sameAs\":[\"https:\\\/\\\/x.com\\\/weandmecfs\",\"https:\\\/\\\/www.instagram.com\\\/weandmecfs\\\/\",\"https:\\\/\\\/www.linkedin.com\\\/company\\\/we-me-foundation\\\/\"]},{\"@type\":\"Person\",\"@id\":\"https:\\\/\\\/www.weandmecfs.org\\\/de\\\/#\\\/schema\\\/person\\\/de9c2eeee722b668991be052d786f858\",\"name\":\"Christoph Blach\",\"image\":{\"@type\":\"ImageObject\",\"inLanguage\":\"de\",\"@id\":\"https:\\\/\\\/secure.gravatar.com\\\/avatar\\\/78435053a9bbc59b09a032796728718dccb283359df7093fa710191b18aba6a3?s=96&d=mm&r=g\",\"url\":\"https:\\\/\\\/secure.gravatar.com\\\/avatar\\\/78435053a9bbc59b09a032796728718dccb283359df7093fa710191b18aba6a3?s=96&d=mm&r=g\",\"contentUrl\":\"https:\\\/\\\/secure.gravatar.com\\\/avatar\\\/78435053a9bbc59b09a032796728718dccb283359df7093fa710191b18aba6a3?s=96&d=mm&r=g\",\"caption\":\"Christoph Blach\"},\"url\":\"https:\\\/\\\/www.weandmecfs.org\\\/de\\\/author\\\/cblach\\\/\"}]}<\/script>\n<!-- \/ Yoast SEO plugin. -->","yoast_head_json":{"title":"Unsere Geschichte &#8226; WE &amp; ME Stiftung","description":"Willkommen bei der WE&amp;ME Stiftung. Die WE&amp;ME Stiftung (ehemals TEMPI Stiftung) wurde 2020 von der Familie Str\u00f6ck gegr\u00fcndet und hat ihren Sitz in","robots":{"index":"index","follow":"follow","max-snippet":"max-snippet:-1","max-image-preview":"max-image-preview:large","max-video-preview":"max-video-preview:-1"},"canonical":"https:\/\/www.weandmecfs.org\/de\/unsere-geschichte\/","og_locale":"de_DE","og_type":"article","og_title":"Unsere Geschichte &#8226; WE &amp; ME Stiftung","og_description":"Willkommen bei der WE&amp;ME Stiftung. Die WE&amp;ME Stiftung (ehemals TEMPI Stiftung) wurde 2020 von der Familie Str\u00f6ck gegr\u00fcndet und hat ihren Sitz in","og_url":"https:\/\/www.weandmecfs.org\/de\/unsere-geschichte\/","og_site_name":"WE &amp; ME Stiftung","article_published_time":"2026-01-19T13:41:25+00:00","article_modified_time":"2026-04-28T11:37:07+00:00","og_image":[{"width":1400,"height":700,"url":"https:\/\/www.weandmecfs.org\/wp-content\/uploads\/2025\/12\/defualt-1400x700-1.jpg","type":"image\/jpeg"}],"author":"Christoph Blach","twitter_card":"summary_large_image","twitter_creator":"@weandmecfs","twitter_site":"@weandmecfs","twitter_misc":{"Verfasst von":"Christoph Blach","Gesch\u00e4tzte Lesezeit":"2\u00a0Minuten"},"schema":{"@context":"https:\/\/schema.org","@graph":[{"@type":"Article","@id":"https:\/\/www.weandmecfs.org\/de\/unsere-geschichte\/#article","isPartOf":{"@id":"https:\/\/www.weandmecfs.org\/de\/unsere-geschichte\/"},"author":{"name":"Christoph Blach","@id":"https:\/\/www.weandmecfs.org\/de\/#\/schema\/person\/de9c2eeee722b668991be052d786f858"},"headline":"Unsere Geschichte","datePublished":"2026-01-19T13:41:25+00:00","dateModified":"2026-04-28T11:37:07+00:00","mainEntityOfPage":{"@id":"https:\/\/www.weandmecfs.org\/de\/unsere-geschichte\/"},"wordCount":403,"commentCount":0,"publisher":{"@id":"https:\/\/www.weandmecfs.org\/de\/#organization"},"inLanguage":"de","potentialAction":[{"@type":"CommentAction","name":"Comment","target":["https:\/\/www.weandmecfs.org\/de\/unsere-geschichte\/#respond"]}]},{"@type":"WebPage","@id":"https:\/\/www.weandmecfs.org\/de\/unsere-geschichte\/","url":"https:\/\/www.weandmecfs.org\/de\/unsere-geschichte\/","name":"Unsere Geschichte &#8226; WE &amp; ME Stiftung","isPartOf":{"@id":"https:\/\/www.weandmecfs.org\/de\/#website"},"datePublished":"2026-01-19T13:41:25+00:00","dateModified":"2026-04-28T11:37:07+00:00","description":"Willkommen bei der WE&amp;ME Stiftung. Die WE&amp;ME Stiftung (ehemals TEMPI Stiftung) wurde 2020 von der Familie Str\u00f6ck gegr\u00fcndet und hat ihren Sitz in","breadcrumb":{"@id":"https:\/\/www.weandmecfs.org\/de\/unsere-geschichte\/#breadcrumb"},"inLanguage":"de","potentialAction":[{"@type":"ReadAction","target":["https:\/\/www.weandmecfs.org\/de\/unsere-geschichte\/"]}]},{"@type":"BreadcrumbList","@id":"https:\/\/www.weandmecfs.org\/de\/unsere-geschichte\/#breadcrumb","itemListElement":[{"@type":"ListItem","position":1,"name":"Home","item":"https:\/\/www.weandmecfs.org\/de\/"},{"@type":"ListItem","position":2,"name":"Unsere Geschichte"}]},{"@type":"WebSite","@id":"https:\/\/www.weandmecfs.org\/de\/#website","url":"https:\/\/www.weandmecfs.org\/de\/","name":"WE&ME Stiftung","description":"Raising awareness, funds and support for #ME\/CFS.","publisher":{"@id":"https:\/\/www.weandmecfs.org\/de\/#organization"},"potentialAction":[{"@type":"SearchAction","target":{"@type":"EntryPoint","urlTemplate":"https:\/\/www.weandmecfs.org\/de\/?s={search_term_string}"},"query-input":{"@type":"PropertyValueSpecification","valueRequired":true,"valueName":"search_term_string"}}],"inLanguage":"de"},{"@type":"Organization","@id":"https:\/\/www.weandmecfs.org\/de\/#organization","name":"WE&ME Foundation","url":"https:\/\/www.weandmecfs.org\/de\/","logo":{"@type":"ImageObject","inLanguage":"de","@id":"https:\/\/www.weandmecfs.org\/de\/#\/schema\/logo\/image\/","url":"https:\/\/www.weandmecfs.org\/wp-content\/uploads\/2025\/11\/logo.svg","contentUrl":"https:\/\/www.weandmecfs.org\/wp-content\/uploads\/2025\/11\/logo.svg","width":1,"height":1,"caption":"WE&ME Foundation"},"image":{"@id":"https:\/\/www.weandmecfs.org\/de\/#\/schema\/logo\/image\/"},"sameAs":["https:\/\/x.com\/weandmecfs","https:\/\/www.instagram.com\/weandmecfs\/","https:\/\/www.linkedin.com\/company\/we-me-foundation\/"]},{"@type":"Person","@id":"https:\/\/www.weandmecfs.org\/de\/#\/schema\/person\/de9c2eeee722b668991be052d786f858","name":"Christoph Blach","image":{"@type":"ImageObject","inLanguage":"de","@id":"https:\/\/secure.gravatar.com\/avatar\/78435053a9bbc59b09a032796728718dccb283359df7093fa710191b18aba6a3?s=96&d=mm&r=g","url":"https:\/\/secure.gravatar.com\/avatar\/78435053a9bbc59b09a032796728718dccb283359df7093fa710191b18aba6a3?s=96&d=mm&r=g","contentUrl":"https:\/\/secure.gravatar.com\/avatar\/78435053a9bbc59b09a032796728718dccb283359df7093fa710191b18aba6a3?s=96&d=mm&r=g","caption":"Christoph Blach"},"url":"https:\/\/www.weandmecfs.org\/de\/author\/cblach\/"}]}},"_links":{"self":[{"href":"https:\/\/www.weandmecfs.org\/de\/wp-json\/wp\/v2\/posts\/1505","targetHints":{"allow":["GET"]}}],"collection":[{"href":"https:\/\/www.weandmecfs.org\/de\/wp-json\/wp\/v2\/posts"}],"about":[{"href":"https:\/\/www.weandmecfs.org\/de\/wp-json\/wp\/v2\/types\/post"}],"author":[{"embeddable":true,"href":"https:\/\/www.weandmecfs.org\/de\/wp-json\/wp\/v2\/users\/5"}],"replies":[{"embeddable":true,"href":"https:\/\/www.weandmecfs.org\/de\/wp-json\/wp\/v2\/comments?post=1505"}],"version-history":[{"count":1,"href":"https:\/\/www.weandmecfs.org\/de\/wp-json\/wp\/v2\/posts\/1505\/revisions"}],"predecessor-version":[{"id":1506,"href":"https:\/\/www.weandmecfs.org\/de\/wp-json\/wp\/v2\/posts\/1505\/revisions\/1506"}],"wp:attachment":[{"href":"https:\/\/www.weandmecfs.org\/de\/wp-json\/wp\/v2\/media?parent=1505"}],"wp:term":[{"taxonomy":"category","embeddable":true,"href":"https:\/\/www.weandmecfs.org\/de\/wp-json\/wp\/v2\/categories?post=1505"},{"taxonomy":"post_tag","embeddable":true,"href":"https:\/\/www.weandmecfs.org\/de\/wp-json\/wp\/v2\/tags?post=1505"}],"curies":[{"name":"wp","href":"https:\/\/api.w.org\/{rel}","templated":true}]}}