{"id":2419,"date":"2026-04-27T12:57:09","date_gmt":"2026-04-27T11:57:09","guid":{"rendered":"https:\/\/www.weandmecfs.org\/?p=2419"},"modified":"2026-04-28T12:36:24","modified_gmt":"2026-04-28T11:36:24","slug":"solidaritaet-fuer-me-cfs-graz","status":"publish","type":"post","link":"https:\/\/www.weandmecfs.org\/de\/solidaritaet-fuer-me-cfs-graz\/","title":{"rendered":"Solidarit\u00e4t f\u00fcr ME\/CFS Graz"},"content":{"rendered":"\n<h5 class=\"wp-block-heading\">\u00d6ffentliche Benefizveranstaltung f\u00fcr Menschen mit ME\/CFS (Myalgische Enzephalomyelitis \/ Chronisches Fatigue-Syndrom)&nbsp;<\/h5>\n\n\n\n<p>Am <strong>17. Mai 2026<\/strong> findet am <strong>Grazer Hauptplatz<\/strong> (vor dem Rathaus) von <strong>11:00 bis 18:00 Uhr<\/strong> die Benefizveranstaltung <strong>\u201eSolidarit\u00e4t f\u00fcr ME\/CFS\u201c<\/strong> statt. Ziel ist es, ME\/CFS sichtbar zu machen, \u00fcber die dramatische Versorgungslage aufzukl\u00e4ren und Spenden f\u00fcr die Forschung zu sammeln.<\/p>\n\n\n\n<h3 class=\"wp-block-heading\">Worum geht es?<\/h3>\n\n\n\n<ul class=\"wp-block-list\">\n<li>\u00d6ffentliche Aufmerksamkeit f\u00fcr die schwere neuroimmunologische Erkrankung <strong>ME\/CFS<\/strong><\/li>\n\n\n\n<li>Information und Sensibilisierung zu Versorgung, Forschung und Lebensrealit\u00e4t Betroffener<\/li>\n\n\n\n<li>Vernetzung von Betroffenen, Fachpersonen, Unterst\u00fctzer*innen und Politik<\/li>\n\n\n\n<li>Spendensammlung zugunsten der <strong>ME\/CFS-Forschung<\/strong> f\u00fcr die WE&amp;ME Foundation<\/li>\n<\/ul>\n\n\n\n<h3 class=\"wp-block-heading\">Programmpunkte<\/h3>\n\n\n\n<ul class=\"wp-block-list\">\n<li>Redebeitr\u00e4ge von Betroffenen<\/li>\n\n\n\n<li>Wortmeldungen von Fachpersonen<\/li>\n\n\n\n<li>Live-Musik<\/li>\n\n\n\n<li>Benefiz-Flohmarkt mit Sachspenden<\/li>\n\n\n\n<li>Spendenm\u00f6glichkeiten vor Ort (Spendenboxen + QR-Code)<\/li>\n<\/ul>\n\n\n\n<h3 class=\"wp-block-heading\">Besonderheiten<\/h3>\n\n\n\n<ul class=\"wp-block-list\">\n<li>Ehrenamtlich organisiert von Betroffenen und Unterst\u00fctzer*innen<\/li>\n\n\n\n<li>Kooperation mit der Stadt Graz<\/li>\n\n\n\n<li>Gesamterl\u00f6s des Flohmarkts flie\u00dft in die Forschung<\/li>\n<\/ul>\n\n\n\n<p>Diese Veranstaltung setzt ein sichtbares Zeichen f\u00fcr Anerkennung, bessere Versorgung und dringend notwendige Forschung. Graz wird damit Teil eines \u00f6sterreichweiten Aktionsmonats rund um den Internationalen ME\/CFS-Tag.<\/p>\n\n\n\n<p><a href=\"https:\/\/solidaritaetfuermecfs.com\/#explain\">https:\/\/solidaritaetfuermecfs.com\/#explain<\/a><\/p>\n\n\n\n<figure class=\"wp-block-image size-full is-style-default\"><img loading=\"lazy\" width=\"1241\" height=\"1755\" src=\"https:\/\/www.weandmecfs.org\/wp-content\/uploads\/2026\/04\/Flyer-Solidaritaet-fuer-MECFS-JPEG.jpg\" alt=\"Plakat Solidarit\u00e4t f\u00fcr ME\/CFS\" class=\"wp-image-2426\" srcset=\"https:\/\/www.weandmecfs.org\/wp-content\/uploads\/2026\/04\/Flyer-Solidaritaet-fuer-MECFS-JPEG.jpg 1241w, https:\/\/www.weandmecfs.org\/wp-content\/uploads\/2026\/04\/Flyer-Solidaritaet-fuer-MECFS-JPEG-212x300.jpg 212w, https:\/\/www.weandmecfs.org\/wp-content\/uploads\/2026\/04\/Flyer-Solidaritaet-fuer-MECFS-JPEG-724x1024.jpg 724w, https:\/\/www.weandmecfs.org\/wp-content\/uploads\/2026\/04\/Flyer-Solidaritaet-fuer-MECFS-JPEG-768x1086.jpg 768w\" sizes=\"(max-width: 1241px) 100vw, 1241px\" \/><\/figure>\n","protected":false},"excerpt":{"rendered":"<p>\u00d6ffentliche Benefizveranstaltung f\u00fcr Menschen mit ME\/CFS (Myalgische Enzephalomyelitis \/ Chronisches Fatigue-Syndrom)&nbsp; Am 17. Mai 2026 findet am Grazer Hauptplatz (vor dem Rathaus) von 11:00 bis 18:00 Uhr die Benefizveranstaltung \u201eSolidarit\u00e4t f\u00fcr ME\/CFS\u201c statt. Ziel ist es, ME\/CFS sichtbar zu machen, \u00fcber die dramatische Versorgungslage aufzukl\u00e4ren und Spenden f\u00fcr die Forschung zu sammeln. Worum geht es? [&hellip;]<\/p>\n","protected":false},"author":4,"featured_media":2520,"comment_status":"open","ping_status":"open","sticky":false,"template":"","format":"standard","meta":{"_acf_changed":false,"footnotes":""},"categories":[30],"tags":[],"class_list":["post-2419","post","type-post","status-publish","format-standard","has-post-thumbnail","hentry","category-event"],"acf":[],"yoast_head":"<!-- This site is optimized with the Yoast SEO plugin v27.5 - https:\/\/yoast.com\/product\/yoast-seo-wordpress\/ -->\n<title>Solidarit\u00e4t f\u00fcr ME\/CFS Graz &#8226; WE &amp; ME Stiftung<\/title>\n<meta name=\"description\" content=\"\u00d6ffentliche Benefizveranstaltung f\u00fcr Menschen mit ME\/CFS (Myalgische Enzephalomyelitis \/ Chronisches Fatigue-Syndrom)&nbsp; Am 17. Mai 2026 findet am\" \/>\n<meta name=\"robots\" content=\"index, follow, max-snippet:-1, max-image-preview:large, max-video-preview:-1\" \/>\n<link rel=\"canonical\" href=\"https:\/\/www.weandmecfs.org\/de\/solidaritaet-fuer-me-cfs-graz\/\" \/>\n<meta property=\"og:locale\" content=\"de_DE\" \/>\n<meta property=\"og:type\" content=\"article\" \/>\n<meta property=\"og:title\" content=\"Solidarit\u00e4t f\u00fcr ME\/CFS Graz &#8226; WE &amp; ME Stiftung\" \/>\n<meta property=\"og:description\" content=\"\u00d6ffentliche Benefizveranstaltung f\u00fcr Menschen mit ME\/CFS (Myalgische Enzephalomyelitis \/ Chronisches Fatigue-Syndrom)&nbsp; Am 17. Mai 2026 findet am\" \/>\n<meta property=\"og:url\" content=\"https:\/\/www.weandmecfs.org\/de\/solidaritaet-fuer-me-cfs-graz\/\" \/>\n<meta property=\"og:site_name\" content=\"WE &amp; ME Stiftung\" \/>\n<meta property=\"article:published_time\" content=\"2026-04-27T11:57:09+00:00\" \/>\n<meta property=\"article:modified_time\" content=\"2026-04-28T11:36:24+00:00\" \/>\n<meta property=\"og:image\" content=\"https:\/\/www.weandmecfs.org\/wp-content\/uploads\/2026\/04\/Logo-Solidaritaet.jpg\" \/>\n\t<meta property=\"og:image:width\" content=\"1207\" \/>\n\t<meta property=\"og:image:height\" content=\"607\" \/>\n\t<meta property=\"og:image:type\" content=\"image\/jpeg\" \/>\n<meta name=\"author\" content=\"Caroline Stroeck\" \/>\n<meta name=\"twitter:card\" content=\"summary_large_image\" \/>\n<meta name=\"twitter:creator\" content=\"@weandmecfs\" \/>\n<meta name=\"twitter:site\" content=\"@weandmecfs\" \/>\n<meta name=\"twitter:label1\" content=\"Verfasst von\" \/>\n\t<meta name=\"twitter:data1\" content=\"Caroline Stroeck\" \/>\n\t<meta name=\"twitter:label2\" content=\"Gesch\u00e4tzte Lesezeit\" \/>\n\t<meta name=\"twitter:data2\" content=\"2\u00a0Minuten\" \/>\n<script type=\"application\/ld+json\" class=\"yoast-schema-graph\">{\"@context\":\"https:\\\/\\\/schema.org\",\"@graph\":[{\"@type\":\"Article\",\"@id\":\"https:\\\/\\\/www.weandmecfs.org\\\/de\\\/solidaritaet-fuer-me-cfs-graz\\\/#article\",\"isPartOf\":{\"@id\":\"https:\\\/\\\/www.weandmecfs.org\\\/de\\\/solidaritaet-fuer-me-cfs-graz\\\/\"},\"author\":{\"name\":\"Caroline Stroeck\",\"@id\":\"https:\\\/\\\/www.weandmecfs.org\\\/de\\\/#\\\/schema\\\/person\\\/804f56e75068c80235eecfb668c92028\"},\"headline\":\"Solidarit\u00e4t f\u00fcr ME\\\/CFS Graz\",\"datePublished\":\"2026-04-27T11:57:09+00:00\",\"dateModified\":\"2026-04-28T11:36:24+00:00\",\"mainEntityOfPage\":{\"@id\":\"https:\\\/\\\/www.weandmecfs.org\\\/de\\\/solidaritaet-fuer-me-cfs-graz\\\/\"},\"wordCount\":180,\"commentCount\":0,\"publisher\":{\"@id\":\"https:\\\/\\\/www.weandmecfs.org\\\/de\\\/#organization\"},\"image\":{\"@id\":\"https:\\\/\\\/www.weandmecfs.org\\\/de\\\/solidaritaet-fuer-me-cfs-graz\\\/#primaryimage\"},\"thumbnailUrl\":\"https:\\\/\\\/www.weandmecfs.org\\\/wp-content\\\/uploads\\\/2026\\\/04\\\/Logo-Solidaritaet.jpg\",\"articleSection\":[\"Veranstaltung\"],\"inLanguage\":\"de\",\"potentialAction\":[{\"@type\":\"CommentAction\",\"name\":\"Comment\",\"target\":[\"https:\\\/\\\/www.weandmecfs.org\\\/de\\\/solidaritaet-fuer-me-cfs-graz\\\/#respond\"]}]},{\"@type\":\"WebPage\",\"@id\":\"https:\\\/\\\/www.weandmecfs.org\\\/de\\\/solidaritaet-fuer-me-cfs-graz\\\/\",\"url\":\"https:\\\/\\\/www.weandmecfs.org\\\/de\\\/solidaritaet-fuer-me-cfs-graz\\\/\",\"name\":\"Solidarit\u00e4t f\u00fcr ME\\\/CFS Graz &#8226; WE &amp; ME Stiftung\",\"isPartOf\":{\"@id\":\"https:\\\/\\\/www.weandmecfs.org\\\/de\\\/#website\"},\"primaryImageOfPage\":{\"@id\":\"https:\\\/\\\/www.weandmecfs.org\\\/de\\\/solidaritaet-fuer-me-cfs-graz\\\/#primaryimage\"},\"image\":{\"@id\":\"https:\\\/\\\/www.weandmecfs.org\\\/de\\\/solidaritaet-fuer-me-cfs-graz\\\/#primaryimage\"},\"thumbnailUrl\":\"https:\\\/\\\/www.weandmecfs.org\\\/wp-content\\\/uploads\\\/2026\\\/04\\\/Logo-Solidaritaet.jpg\",\"datePublished\":\"2026-04-27T11:57:09+00:00\",\"dateModified\":\"2026-04-28T11:36:24+00:00\",\"description\":\"\u00d6ffentliche Benefizveranstaltung f\u00fcr Menschen mit ME\\\/CFS (Myalgische Enzephalomyelitis \\\/ Chronisches Fatigue-Syndrom)&nbsp; Am 17. Mai 2026 findet am\",\"breadcrumb\":{\"@id\":\"https:\\\/\\\/www.weandmecfs.org\\\/de\\\/solidaritaet-fuer-me-cfs-graz\\\/#breadcrumb\"},\"inLanguage\":\"de\",\"potentialAction\":[{\"@type\":\"ReadAction\",\"target\":[\"https:\\\/\\\/www.weandmecfs.org\\\/de\\\/solidaritaet-fuer-me-cfs-graz\\\/\"]}]},{\"@type\":\"ImageObject\",\"inLanguage\":\"de\",\"@id\":\"https:\\\/\\\/www.weandmecfs.org\\\/de\\\/solidaritaet-fuer-me-cfs-graz\\\/#primaryimage\",\"url\":\"https:\\\/\\\/www.weandmecfs.org\\\/wp-content\\\/uploads\\\/2026\\\/04\\\/Logo-Solidaritaet.jpg\",\"contentUrl\":\"https:\\\/\\\/www.weandmecfs.org\\\/wp-content\\\/uploads\\\/2026\\\/04\\\/Logo-Solidaritaet.jpg\",\"width\":1207,\"height\":607,\"caption\":\"Veranstaltungsplakat mit blauem Text in Deutsch: Solidarit\u00e4t f\u00fcr ME\\\/CFS und Details f\u00fcr eine Wohlt\u00e4tigkeitsveranstaltung am 17. Mai 2026, 11-18 Uhr, Hauptplatz Graz. Mit blauem Band-Logo und Social-Media-Icons im oberen Bereich.\"},{\"@type\":\"BreadcrumbList\",\"@id\":\"https:\\\/\\\/www.weandmecfs.org\\\/de\\\/solidaritaet-fuer-me-cfs-graz\\\/#breadcrumb\",\"itemListElement\":[{\"@type\":\"ListItem\",\"position\":1,\"name\":\"Home\",\"item\":\"https:\\\/\\\/www.weandmecfs.org\\\/de\\\/\"},{\"@type\":\"ListItem\",\"position\":2,\"name\":\"Solidarit\u00e4t f\u00fcr ME\\\/CFS Graz\"}]},{\"@type\":\"WebSite\",\"@id\":\"https:\\\/\\\/www.weandmecfs.org\\\/de\\\/#website\",\"url\":\"https:\\\/\\\/www.weandmecfs.org\\\/de\\\/\",\"name\":\"WE&ME Stiftung\",\"description\":\"Raising awareness, funds and support for #ME\\\/CFS.\",\"publisher\":{\"@id\":\"https:\\\/\\\/www.weandmecfs.org\\\/de\\\/#organization\"},\"potentialAction\":[{\"@type\":\"SearchAction\",\"target\":{\"@type\":\"EntryPoint\",\"urlTemplate\":\"https:\\\/\\\/www.weandmecfs.org\\\/de\\\/?s={search_term_string}\"},\"query-input\":{\"@type\":\"PropertyValueSpecification\",\"valueRequired\":true,\"valueName\":\"search_term_string\"}}],\"inLanguage\":\"de\"},{\"@type\":\"Organization\",\"@id\":\"https:\\\/\\\/www.weandmecfs.org\\\/de\\\/#organization\",\"name\":\"WE&ME Foundation\",\"url\":\"https:\\\/\\\/www.weandmecfs.org\\\/de\\\/\",\"logo\":{\"@type\":\"ImageObject\",\"inLanguage\":\"de\",\"@id\":\"https:\\\/\\\/www.weandmecfs.org\\\/de\\\/#\\\/schema\\\/logo\\\/image\\\/\",\"url\":\"https:\\\/\\\/www.weandmecfs.org\\\/wp-content\\\/uploads\\\/2025\\\/11\\\/logo.svg\",\"contentUrl\":\"https:\\\/\\\/www.weandmecfs.org\\\/wp-content\\\/uploads\\\/2025\\\/11\\\/logo.svg\",\"width\":1,\"height\":1,\"caption\":\"WE&ME Foundation\"},\"image\":{\"@id\":\"https:\\\/\\\/www.weandmecfs.org\\\/de\\\/#\\\/schema\\\/logo\\\/image\\\/\"},\"sameAs\":[\"https:\\\/\\\/x.com\\\/weandmecfs\",\"https:\\\/\\\/www.instagram.com\\\/weandmecfs\\\/\",\"https:\\\/\\\/www.linkedin.com\\\/company\\\/we-me-foundation\\\/\"]},{\"@type\":\"Person\",\"@id\":\"https:\\\/\\\/www.weandmecfs.org\\\/de\\\/#\\\/schema\\\/person\\\/804f56e75068c80235eecfb668c92028\",\"name\":\"Caroline Stroeck\",\"image\":{\"@type\":\"ImageObject\",\"inLanguage\":\"de\",\"@id\":\"https:\\\/\\\/secure.gravatar.com\\\/avatar\\\/7b1703aa82272043c70f5f1b6d5ace2ba00321097060178e64f8545a8abe87b0?s=96&d=mm&r=g\",\"url\":\"https:\\\/\\\/secure.gravatar.com\\\/avatar\\\/7b1703aa82272043c70f5f1b6d5ace2ba00321097060178e64f8545a8abe87b0?s=96&d=mm&r=g\",\"contentUrl\":\"https:\\\/\\\/secure.gravatar.com\\\/avatar\\\/7b1703aa82272043c70f5f1b6d5ace2ba00321097060178e64f8545a8abe87b0?s=96&d=mm&r=g\",\"caption\":\"Caroline Stroeck\"},\"url\":\"https:\\\/\\\/www.weandmecfs.org\\\/de\\\/author\\\/cstroeck\\\/\"}]}<\/script>\n<!-- \/ Yoast SEO plugin. -->","yoast_head_json":{"title":"Solidarit\u00e4t f\u00fcr ME\/CFS Graz &#8226; WE &amp; ME Stiftung","description":"\u00d6ffentliche Benefizveranstaltung f\u00fcr Menschen mit ME\/CFS (Myalgische Enzephalomyelitis \/ Chronisches Fatigue-Syndrom)&nbsp; Am 17. Mai 2026 findet am","robots":{"index":"index","follow":"follow","max-snippet":"max-snippet:-1","max-image-preview":"max-image-preview:large","max-video-preview":"max-video-preview:-1"},"canonical":"https:\/\/www.weandmecfs.org\/de\/solidaritaet-fuer-me-cfs-graz\/","og_locale":"de_DE","og_type":"article","og_title":"Solidarit\u00e4t f\u00fcr ME\/CFS Graz &#8226; WE &amp; ME Stiftung","og_description":"\u00d6ffentliche Benefizveranstaltung f\u00fcr Menschen mit ME\/CFS (Myalgische Enzephalomyelitis \/ Chronisches Fatigue-Syndrom)&nbsp; Am 17. Mai 2026 findet am","og_url":"https:\/\/www.weandmecfs.org\/de\/solidaritaet-fuer-me-cfs-graz\/","og_site_name":"WE &amp; ME Stiftung","article_published_time":"2026-04-27T11:57:09+00:00","article_modified_time":"2026-04-28T11:36:24+00:00","og_image":[{"width":1207,"height":607,"url":"https:\/\/www.weandmecfs.org\/wp-content\/uploads\/2026\/04\/Logo-Solidaritaet.jpg","type":"image\/jpeg"}],"author":"Caroline Stroeck","twitter_card":"summary_large_image","twitter_creator":"@weandmecfs","twitter_site":"@weandmecfs","twitter_misc":{"Verfasst von":"Caroline Stroeck","Gesch\u00e4tzte Lesezeit":"2\u00a0Minuten"},"schema":{"@context":"https:\/\/schema.org","@graph":[{"@type":"Article","@id":"https:\/\/www.weandmecfs.org\/de\/solidaritaet-fuer-me-cfs-graz\/#article","isPartOf":{"@id":"https:\/\/www.weandmecfs.org\/de\/solidaritaet-fuer-me-cfs-graz\/"},"author":{"name":"Caroline Stroeck","@id":"https:\/\/www.weandmecfs.org\/de\/#\/schema\/person\/804f56e75068c80235eecfb668c92028"},"headline":"Solidarit\u00e4t f\u00fcr ME\/CFS Graz","datePublished":"2026-04-27T11:57:09+00:00","dateModified":"2026-04-28T11:36:24+00:00","mainEntityOfPage":{"@id":"https:\/\/www.weandmecfs.org\/de\/solidaritaet-fuer-me-cfs-graz\/"},"wordCount":180,"commentCount":0,"publisher":{"@id":"https:\/\/www.weandmecfs.org\/de\/#organization"},"image":{"@id":"https:\/\/www.weandmecfs.org\/de\/solidaritaet-fuer-me-cfs-graz\/#primaryimage"},"thumbnailUrl":"https:\/\/www.weandmecfs.org\/wp-content\/uploads\/2026\/04\/Logo-Solidaritaet.jpg","articleSection":["Veranstaltung"],"inLanguage":"de","potentialAction":[{"@type":"CommentAction","name":"Comment","target":["https:\/\/www.weandmecfs.org\/de\/solidaritaet-fuer-me-cfs-graz\/#respond"]}]},{"@type":"WebPage","@id":"https:\/\/www.weandmecfs.org\/de\/solidaritaet-fuer-me-cfs-graz\/","url":"https:\/\/www.weandmecfs.org\/de\/solidaritaet-fuer-me-cfs-graz\/","name":"Solidarit\u00e4t f\u00fcr ME\/CFS Graz &#8226; WE &amp; ME Stiftung","isPartOf":{"@id":"https:\/\/www.weandmecfs.org\/de\/#website"},"primaryImageOfPage":{"@id":"https:\/\/www.weandmecfs.org\/de\/solidaritaet-fuer-me-cfs-graz\/#primaryimage"},"image":{"@id":"https:\/\/www.weandmecfs.org\/de\/solidaritaet-fuer-me-cfs-graz\/#primaryimage"},"thumbnailUrl":"https:\/\/www.weandmecfs.org\/wp-content\/uploads\/2026\/04\/Logo-Solidaritaet.jpg","datePublished":"2026-04-27T11:57:09+00:00","dateModified":"2026-04-28T11:36:24+00:00","description":"\u00d6ffentliche Benefizveranstaltung f\u00fcr Menschen mit ME\/CFS (Myalgische Enzephalomyelitis \/ Chronisches Fatigue-Syndrom)&nbsp; Am 17. Mai 2026 findet am","breadcrumb":{"@id":"https:\/\/www.weandmecfs.org\/de\/solidaritaet-fuer-me-cfs-graz\/#breadcrumb"},"inLanguage":"de","potentialAction":[{"@type":"ReadAction","target":["https:\/\/www.weandmecfs.org\/de\/solidaritaet-fuer-me-cfs-graz\/"]}]},{"@type":"ImageObject","inLanguage":"de","@id":"https:\/\/www.weandmecfs.org\/de\/solidaritaet-fuer-me-cfs-graz\/#primaryimage","url":"https:\/\/www.weandmecfs.org\/wp-content\/uploads\/2026\/04\/Logo-Solidaritaet.jpg","contentUrl":"https:\/\/www.weandmecfs.org\/wp-content\/uploads\/2026\/04\/Logo-Solidaritaet.jpg","width":1207,"height":607,"caption":"Veranstaltungsplakat mit blauem Text in Deutsch: Solidarit\u00e4t f\u00fcr ME\/CFS und Details f\u00fcr eine Wohlt\u00e4tigkeitsveranstaltung am 17. Mai 2026, 11-18 Uhr, Hauptplatz Graz. Mit blauem Band-Logo und Social-Media-Icons im oberen Bereich."},{"@type":"BreadcrumbList","@id":"https:\/\/www.weandmecfs.org\/de\/solidaritaet-fuer-me-cfs-graz\/#breadcrumb","itemListElement":[{"@type":"ListItem","position":1,"name":"Home","item":"https:\/\/www.weandmecfs.org\/de\/"},{"@type":"ListItem","position":2,"name":"Solidarit\u00e4t f\u00fcr ME\/CFS Graz"}]},{"@type":"WebSite","@id":"https:\/\/www.weandmecfs.org\/de\/#website","url":"https:\/\/www.weandmecfs.org\/de\/","name":"WE&ME Stiftung","description":"Raising awareness, funds and support for #ME\/CFS.","publisher":{"@id":"https:\/\/www.weandmecfs.org\/de\/#organization"},"potentialAction":[{"@type":"SearchAction","target":{"@type":"EntryPoint","urlTemplate":"https:\/\/www.weandmecfs.org\/de\/?s={search_term_string}"},"query-input":{"@type":"PropertyValueSpecification","valueRequired":true,"valueName":"search_term_string"}}],"inLanguage":"de"},{"@type":"Organization","@id":"https:\/\/www.weandmecfs.org\/de\/#organization","name":"WE&ME Foundation","url":"https:\/\/www.weandmecfs.org\/de\/","logo":{"@type":"ImageObject","inLanguage":"de","@id":"https:\/\/www.weandmecfs.org\/de\/#\/schema\/logo\/image\/","url":"https:\/\/www.weandmecfs.org\/wp-content\/uploads\/2025\/11\/logo.svg","contentUrl":"https:\/\/www.weandmecfs.org\/wp-content\/uploads\/2025\/11\/logo.svg","width":1,"height":1,"caption":"WE&ME Foundation"},"image":{"@id":"https:\/\/www.weandmecfs.org\/de\/#\/schema\/logo\/image\/"},"sameAs":["https:\/\/x.com\/weandmecfs","https:\/\/www.instagram.com\/weandmecfs\/","https:\/\/www.linkedin.com\/company\/we-me-foundation\/"]},{"@type":"Person","@id":"https:\/\/www.weandmecfs.org\/de\/#\/schema\/person\/804f56e75068c80235eecfb668c92028","name":"Caroline Stroeck","image":{"@type":"ImageObject","inLanguage":"de","@id":"https:\/\/secure.gravatar.com\/avatar\/7b1703aa82272043c70f5f1b6d5ace2ba00321097060178e64f8545a8abe87b0?s=96&d=mm&r=g","url":"https:\/\/secure.gravatar.com\/avatar\/7b1703aa82272043c70f5f1b6d5ace2ba00321097060178e64f8545a8abe87b0?s=96&d=mm&r=g","contentUrl":"https:\/\/secure.gravatar.com\/avatar\/7b1703aa82272043c70f5f1b6d5ace2ba00321097060178e64f8545a8abe87b0?s=96&d=mm&r=g","caption":"Caroline Stroeck"},"url":"https:\/\/www.weandmecfs.org\/de\/author\/cstroeck\/"}]}},"_links":{"self":[{"href":"https:\/\/www.weandmecfs.org\/de\/wp-json\/wp\/v2\/posts\/2419","targetHints":{"allow":["GET"]}}],"collection":[{"href":"https:\/\/www.weandmecfs.org\/de\/wp-json\/wp\/v2\/posts"}],"about":[{"href":"https:\/\/www.weandmecfs.org\/de\/wp-json\/wp\/v2\/types\/post"}],"author":[{"embeddable":true,"href":"https:\/\/www.weandmecfs.org\/de\/wp-json\/wp\/v2\/users\/4"}],"replies":[{"embeddable":true,"href":"https:\/\/www.weandmecfs.org\/de\/wp-json\/wp\/v2\/comments?post=2419"}],"version-history":[{"count":9,"href":"https:\/\/www.weandmecfs.org\/de\/wp-json\/wp\/v2\/posts\/2419\/revisions"}],"predecessor-version":[{"id":2454,"href":"https:\/\/www.weandmecfs.org\/de\/wp-json\/wp\/v2\/posts\/2419\/revisions\/2454"}],"wp:featuredmedia":[{"embeddable":true,"href":"https:\/\/www.weandmecfs.org\/de\/wp-json\/wp\/v2\/media\/2520"}],"wp:attachment":[{"href":"https:\/\/www.weandmecfs.org\/de\/wp-json\/wp\/v2\/media?parent=2419"}],"wp:term":[{"taxonomy":"category","embeddable":true,"href":"https:\/\/www.weandmecfs.org\/de\/wp-json\/wp\/v2\/categories?post=2419"},{"taxonomy":"post_tag","embeddable":true,"href":"https:\/\/www.weandmecfs.org\/de\/wp-json\/wp\/v2\/tags?post=2419"}],"curies":[{"name":"wp","href":"https:\/\/api.w.org\/{rel}","templated":true}]}}