{"id":2445,"date":"2026-04-27T13:59:56","date_gmt":"2026-04-27T12:59:56","guid":{"rendered":"https:\/\/www.weandmecfs.org\/?p=2445"},"modified":"2026-04-27T13:59:57","modified_gmt":"2026-04-27T12:59:57","slug":"internationaler-me-cfs-tag-2","status":"publish","type":"post","link":"https:\/\/www.weandmecfs.org\/de\/internationaler-me-cfs-tag-2\/","title":{"rendered":"Internationaler ME\/CFS Tag"},"content":{"rendered":"\n<h2 class=\"wp-block-heading\">Gemeinsam sichtbar werden: Benefizveranstaltung zum Internationalen ME\/CFS-Tag in St. P\u00f6lten<\/h2>\n\n\n\n<p><strong>Am 12. Mai 2026 wird der Rathausplatz Nord in St. P\u00f6lten zum Ort der Sichtbarkeit, Solidarit\u00e4t und Aufkl\u00e4rung.<\/strong><br>Anl\u00e4sslich des Internationalen ME\/CFS-Tages l\u00e4dt die N\u00d6 Selbsthilfegruppe ME\/CFS zu einer besonderen Benefizveranstaltung ein, um auf die Realit\u00e4t von Menschen mit Myalgischer Enzephalomyelitis \/ Chronischem Fatigue Syndrom aufmerksam zu machen.<\/p>\n\n\n\n<p>ME\/CFS ist keine \u201eM\u00fcdigkeit\u201c, sondern eine schwere, oft lebensver\u00e4ndernde Multisystemerkrankung. Viele Betroffene verlieren abrupt ihre Gesundheit, ihre berufliche Perspektive und soziale Teilhabe \u2013 w\u00e4hrend Versorgung, Forschung und gesellschaftliche Anerkennung weiterhin unzureichend bleiben.<\/p>\n\n\n\n<h3 class=\"wp-block-heading\">Programm\u00fcberblick:<\/h3>\n\n\n\n<p><strong>16:00 Uhr<\/strong> \u2013 Begr\u00fc\u00dfung<br><strong>16:10\u201316:50 Uhr<\/strong> \u2013 Benefizkonzert Tom Gomez Duo<br><strong>16:50\u201317:00 Uhr<\/strong> \u2013 Gemeinsame liegende Schweigeminute<\/p>\n\n\n\n<p>Begleitend gibt es die Kunstinstallation <strong>\u201eIm Wartezimmer\u201c<\/strong> sowie einen Infostand mit Unterst\u00fctzung der WE&amp;ME Foundation.<\/p>\n\n\n\n<h3 class=\"wp-block-heading\">Warum dieser Tag wichtig ist:<\/h3>\n\n\n\n<p>Der 12. Mai ist ein Tag des Hinschauens. Ein Tag, an dem wir gemeinsam ein Zeichen setzen \u2013 f\u00fcr mehr Awareness, bessere Versorgung, soziale Absicherung und dringend notwendige Forschung.<\/p>\n\n\n\n<h3 class=\"wp-block-heading\">Veranstaltungsort:<\/h3>\n\n\n\n<p><strong>Rathausplatz Nord, 3100 St. P\u00f6lten<\/strong><br><strong>16:00\u201317:00 Uhr<\/strong><br><\/p>\n\n\n\n<div class=\"wp-block-group is-nowrap is-layout-flex wp-container-core-group-is-layout-ad2f72ca wp-block-group-is-layout-flex\">\n<figure class=\"wp-block-image size-large\"><img loading=\"lazy\" width=\"724\" height=\"1024\" src=\"https:\/\/www.weandmecfs.org\/wp-content\/uploads\/2026\/04\/me_cfs_tag_v10-724x1024.jpg\" alt=\"Veranstaltungsflyer f\u00fcr den Internationalen ME\/CFS-Tag am 12. Mai 2026, mit blauem Band, Terminen, Beschreibung von ME\/CFS und Details zu einer stillen Kunstinstallation und einem Benefizkonzert. Veranstaltet von der Selbsthilfegruppe ME\/CFS.\" class=\"wp-image-2451\" srcset=\"https:\/\/www.weandmecfs.org\/wp-content\/uploads\/2026\/04\/me_cfs_tag_v10-724x1024.jpg 724w, https:\/\/www.weandmecfs.org\/wp-content\/uploads\/2026\/04\/me_cfs_tag_v10-212x300.jpg 212w, https:\/\/www.weandmecfs.org\/wp-content\/uploads\/2026\/04\/me_cfs_tag_v10-768x1086.jpg 768w, https:\/\/www.weandmecfs.org\/wp-content\/uploads\/2026\/04\/me_cfs_tag_v10-scaled.jpg 1810w\" sizes=\"(max-width: 724px) 100vw, 724px\" \/><\/figure>\n\n\n\n<p><\/p>\n<\/div>\n","protected":false},"excerpt":{"rendered":"<p>Gemeinsam sichtbar werden: Benefizveranstaltung zum Internationalen ME\/CFS-Tag in St. P\u00f6lten Am 12. Mai 2026 wird der Rathausplatz Nord in St. P\u00f6lten zum Ort der Sichtbarkeit, Solidarit\u00e4t und Aufkl\u00e4rung.Anl\u00e4sslich des Internationalen ME\/CFS-Tages l\u00e4dt die N\u00d6 Selbsthilfegruppe ME\/CFS zu einer besonderen Benefizveranstaltung ein, um auf die Realit\u00e4t von Menschen mit Myalgischer Enzephalomyelitis \/ Chronischem Fatigue Syndrom aufmerksam [&hellip;]<\/p>\n","protected":false},"author":4,"featured_media":0,"comment_status":"open","ping_status":"open","sticky":false,"template":"","format":"standard","meta":{"_acf_changed":false,"footnotes":""},"categories":[30],"tags":[],"class_list":["post-2445","post","type-post","status-publish","format-standard","hentry","category-event"],"acf":[],"yoast_head":"<!-- This site is optimized with the Yoast SEO plugin v27.5 - https:\/\/yoast.com\/product\/yoast-seo-wordpress\/ -->\n<title>Internationaler ME\/CFS Tag &#8226; WE &amp; ME Stiftung<\/title>\n<meta name=\"description\" content=\"Gemeinsam sichtbar werden: Benefizveranstaltung zum Internationalen ME\/CFS-Tag in St. P\u00f6lten Am 12. Mai 2026 wird der Rathausplatz Nord in St. P\u00f6lten zum\" \/>\n<meta name=\"robots\" content=\"index, follow, max-snippet:-1, max-image-preview:large, max-video-preview:-1\" \/>\n<link rel=\"canonical\" href=\"https:\/\/www.weandmecfs.org\/de\/internationaler-me-cfs-tag-2\/\" \/>\n<meta property=\"og:locale\" content=\"de_DE\" \/>\n<meta property=\"og:type\" content=\"article\" \/>\n<meta property=\"og:title\" content=\"Internationaler ME\/CFS Tag &#8226; WE &amp; ME Stiftung\" \/>\n<meta property=\"og:description\" content=\"Gemeinsam sichtbar werden: Benefizveranstaltung zum Internationalen ME\/CFS-Tag in St. P\u00f6lten Am 12. Mai 2026 wird der Rathausplatz Nord in St. P\u00f6lten zum\" \/>\n<meta property=\"og:url\" content=\"https:\/\/www.weandmecfs.org\/de\/internationaler-me-cfs-tag-2\/\" \/>\n<meta property=\"og:site_name\" content=\"WE &amp; ME Stiftung\" \/>\n<meta property=\"article:published_time\" content=\"2026-04-27T12:59:56+00:00\" \/>\n<meta property=\"article:modified_time\" content=\"2026-04-27T12:59:57+00:00\" \/>\n<meta property=\"og:image\" content=\"https:\/\/www.weandmecfs.org\/wp-content\/uploads\/2026\/04\/me_cfs_tag_v10-scaled.jpg\" \/>\n\t<meta property=\"og:image:width\" content=\"1810\" \/>\n\t<meta property=\"og:image:height\" content=\"2560\" \/>\n\t<meta property=\"og:image:type\" content=\"image\/jpeg\" \/>\n<meta name=\"author\" content=\"Caroline Stroeck\" \/>\n<meta name=\"twitter:card\" content=\"summary_large_image\" \/>\n<meta name=\"twitter:creator\" content=\"@weandmecfs\" \/>\n<meta name=\"twitter:site\" content=\"@weandmecfs\" \/>\n<meta name=\"twitter:label1\" content=\"Verfasst von\" \/>\n\t<meta name=\"twitter:data1\" content=\"Caroline Stroeck\" \/>\n\t<meta name=\"twitter:label2\" content=\"Gesch\u00e4tzte Lesezeit\" \/>\n\t<meta name=\"twitter:data2\" content=\"2\u00a0Minuten\" \/>\n<script type=\"application\/ld+json\" class=\"yoast-schema-graph\">{\"@context\":\"https:\\\/\\\/schema.org\",\"@graph\":[{\"@type\":\"Article\",\"@id\":\"https:\\\/\\\/www.weandmecfs.org\\\/de\\\/internationaler-me-cfs-tag-2\\\/#article\",\"isPartOf\":{\"@id\":\"https:\\\/\\\/www.weandmecfs.org\\\/de\\\/internationaler-me-cfs-tag-2\\\/\"},\"author\":{\"name\":\"Caroline Stroeck\",\"@id\":\"https:\\\/\\\/www.weandmecfs.org\\\/de\\\/#\\\/schema\\\/person\\\/804f56e75068c80235eecfb668c92028\"},\"headline\":\"Internationaler ME\\\/CFS Tag\",\"datePublished\":\"2026-04-27T12:59:56+00:00\",\"dateModified\":\"2026-04-27T12:59:57+00:00\",\"mainEntityOfPage\":{\"@id\":\"https:\\\/\\\/www.weandmecfs.org\\\/de\\\/internationaler-me-cfs-tag-2\\\/\"},\"wordCount\":176,\"commentCount\":0,\"publisher\":{\"@id\":\"https:\\\/\\\/www.weandmecfs.org\\\/de\\\/#organization\"},\"image\":{\"@id\":\"https:\\\/\\\/www.weandmecfs.org\\\/de\\\/internationaler-me-cfs-tag-2\\\/#primaryimage\"},\"thumbnailUrl\":\"https:\\\/\\\/www.weandmecfs.org\\\/wp-content\\\/uploads\\\/2026\\\/04\\\/me_cfs_tag_v10-724x1024.jpg\",\"articleSection\":[\"Veranstaltung\"],\"inLanguage\":\"de\",\"potentialAction\":[{\"@type\":\"CommentAction\",\"name\":\"Comment\",\"target\":[\"https:\\\/\\\/www.weandmecfs.org\\\/de\\\/internationaler-me-cfs-tag-2\\\/#respond\"]}]},{\"@type\":\"WebPage\",\"@id\":\"https:\\\/\\\/www.weandmecfs.org\\\/de\\\/internationaler-me-cfs-tag-2\\\/\",\"url\":\"https:\\\/\\\/www.weandmecfs.org\\\/de\\\/internationaler-me-cfs-tag-2\\\/\",\"name\":\"Internationaler ME\\\/CFS Tag &#8226; WE &amp; ME Stiftung\",\"isPartOf\":{\"@id\":\"https:\\\/\\\/www.weandmecfs.org\\\/de\\\/#website\"},\"primaryImageOfPage\":{\"@id\":\"https:\\\/\\\/www.weandmecfs.org\\\/de\\\/internationaler-me-cfs-tag-2\\\/#primaryimage\"},\"image\":{\"@id\":\"https:\\\/\\\/www.weandmecfs.org\\\/de\\\/internationaler-me-cfs-tag-2\\\/#primaryimage\"},\"thumbnailUrl\":\"https:\\\/\\\/www.weandmecfs.org\\\/wp-content\\\/uploads\\\/2026\\\/04\\\/me_cfs_tag_v10-724x1024.jpg\",\"datePublished\":\"2026-04-27T12:59:56+00:00\",\"dateModified\":\"2026-04-27T12:59:57+00:00\",\"description\":\"Gemeinsam sichtbar werden: Benefizveranstaltung zum Internationalen ME\\\/CFS-Tag in St. P\u00f6lten Am 12. Mai 2026 wird der Rathausplatz Nord in St. P\u00f6lten zum\",\"breadcrumb\":{\"@id\":\"https:\\\/\\\/www.weandmecfs.org\\\/de\\\/internationaler-me-cfs-tag-2\\\/#breadcrumb\"},\"inLanguage\":\"de\",\"potentialAction\":[{\"@type\":\"ReadAction\",\"target\":[\"https:\\\/\\\/www.weandmecfs.org\\\/de\\\/internationaler-me-cfs-tag-2\\\/\"]}]},{\"@type\":\"ImageObject\",\"inLanguage\":\"de\",\"@id\":\"https:\\\/\\\/www.weandmecfs.org\\\/de\\\/internationaler-me-cfs-tag-2\\\/#primaryimage\",\"url\":\"https:\\\/\\\/www.weandmecfs.org\\\/wp-content\\\/uploads\\\/2026\\\/04\\\/me_cfs_tag_v10-724x1024.jpg\",\"contentUrl\":\"https:\\\/\\\/www.weandmecfs.org\\\/wp-content\\\/uploads\\\/2026\\\/04\\\/me_cfs_tag_v10-724x1024.jpg\"},{\"@type\":\"BreadcrumbList\",\"@id\":\"https:\\\/\\\/www.weandmecfs.org\\\/de\\\/internationaler-me-cfs-tag-2\\\/#breadcrumb\",\"itemListElement\":[{\"@type\":\"ListItem\",\"position\":1,\"name\":\"Home\",\"item\":\"https:\\\/\\\/www.weandmecfs.org\\\/de\\\/\"},{\"@type\":\"ListItem\",\"position\":2,\"name\":\"Internationaler ME\\\/CFS Tag\"}]},{\"@type\":\"WebSite\",\"@id\":\"https:\\\/\\\/www.weandmecfs.org\\\/de\\\/#website\",\"url\":\"https:\\\/\\\/www.weandmecfs.org\\\/de\\\/\",\"name\":\"WE&ME Stiftung\",\"description\":\"Raising awareness, funds and support for #ME\\\/CFS.\",\"publisher\":{\"@id\":\"https:\\\/\\\/www.weandmecfs.org\\\/de\\\/#organization\"},\"potentialAction\":[{\"@type\":\"SearchAction\",\"target\":{\"@type\":\"EntryPoint\",\"urlTemplate\":\"https:\\\/\\\/www.weandmecfs.org\\\/de\\\/?s={search_term_string}\"},\"query-input\":{\"@type\":\"PropertyValueSpecification\",\"valueRequired\":true,\"valueName\":\"search_term_string\"}}],\"inLanguage\":\"de\"},{\"@type\":\"Organization\",\"@id\":\"https:\\\/\\\/www.weandmecfs.org\\\/de\\\/#organization\",\"name\":\"WE&ME Foundation\",\"url\":\"https:\\\/\\\/www.weandmecfs.org\\\/de\\\/\",\"logo\":{\"@type\":\"ImageObject\",\"inLanguage\":\"de\",\"@id\":\"https:\\\/\\\/www.weandmecfs.org\\\/de\\\/#\\\/schema\\\/logo\\\/image\\\/\",\"url\":\"https:\\\/\\\/www.weandmecfs.org\\\/wp-content\\\/uploads\\\/2025\\\/11\\\/logo.svg\",\"contentUrl\":\"https:\\\/\\\/www.weandmecfs.org\\\/wp-content\\\/uploads\\\/2025\\\/11\\\/logo.svg\",\"width\":1,\"height\":1,\"caption\":\"WE&ME Foundation\"},\"image\":{\"@id\":\"https:\\\/\\\/www.weandmecfs.org\\\/de\\\/#\\\/schema\\\/logo\\\/image\\\/\"},\"sameAs\":[\"https:\\\/\\\/x.com\\\/weandmecfs\",\"https:\\\/\\\/www.instagram.com\\\/weandmecfs\\\/\",\"https:\\\/\\\/www.linkedin.com\\\/company\\\/we-me-foundation\\\/\"]},{\"@type\":\"Person\",\"@id\":\"https:\\\/\\\/www.weandmecfs.org\\\/de\\\/#\\\/schema\\\/person\\\/804f56e75068c80235eecfb668c92028\",\"name\":\"Caroline Stroeck\",\"image\":{\"@type\":\"ImageObject\",\"inLanguage\":\"de\",\"@id\":\"https:\\\/\\\/secure.gravatar.com\\\/avatar\\\/7b1703aa82272043c70f5f1b6d5ace2ba00321097060178e64f8545a8abe87b0?s=96&d=mm&r=g\",\"url\":\"https:\\\/\\\/secure.gravatar.com\\\/avatar\\\/7b1703aa82272043c70f5f1b6d5ace2ba00321097060178e64f8545a8abe87b0?s=96&d=mm&r=g\",\"contentUrl\":\"https:\\\/\\\/secure.gravatar.com\\\/avatar\\\/7b1703aa82272043c70f5f1b6d5ace2ba00321097060178e64f8545a8abe87b0?s=96&d=mm&r=g\",\"caption\":\"Caroline Stroeck\"},\"url\":\"https:\\\/\\\/www.weandmecfs.org\\\/de\\\/author\\\/cstroeck\\\/\"}]}<\/script>\n<!-- \/ Yoast SEO plugin. -->","yoast_head_json":{"title":"Internationaler ME\/CFS Tag &#8226; WE &amp; ME Stiftung","description":"Gemeinsam sichtbar werden: Benefizveranstaltung zum Internationalen ME\/CFS-Tag in St. P\u00f6lten Am 12. Mai 2026 wird der Rathausplatz Nord in St. P\u00f6lten zum","robots":{"index":"index","follow":"follow","max-snippet":"max-snippet:-1","max-image-preview":"max-image-preview:large","max-video-preview":"max-video-preview:-1"},"canonical":"https:\/\/www.weandmecfs.org\/de\/internationaler-me-cfs-tag-2\/","og_locale":"de_DE","og_type":"article","og_title":"Internationaler ME\/CFS Tag &#8226; WE &amp; ME Stiftung","og_description":"Gemeinsam sichtbar werden: Benefizveranstaltung zum Internationalen ME\/CFS-Tag in St. P\u00f6lten Am 12. Mai 2026 wird der Rathausplatz Nord in St. P\u00f6lten zum","og_url":"https:\/\/www.weandmecfs.org\/de\/internationaler-me-cfs-tag-2\/","og_site_name":"WE &amp; ME Stiftung","article_published_time":"2026-04-27T12:59:56+00:00","article_modified_time":"2026-04-27T12:59:57+00:00","og_image":[{"width":1810,"height":2560,"url":"https:\/\/www.weandmecfs.org\/wp-content\/uploads\/2026\/04\/me_cfs_tag_v10-scaled.jpg","type":"image\/jpeg"}],"author":"Caroline Stroeck","twitter_card":"summary_large_image","twitter_creator":"@weandmecfs","twitter_site":"@weandmecfs","twitter_misc":{"Verfasst von":"Caroline Stroeck","Gesch\u00e4tzte Lesezeit":"2\u00a0Minuten"},"schema":{"@context":"https:\/\/schema.org","@graph":[{"@type":"Article","@id":"https:\/\/www.weandmecfs.org\/de\/internationaler-me-cfs-tag-2\/#article","isPartOf":{"@id":"https:\/\/www.weandmecfs.org\/de\/internationaler-me-cfs-tag-2\/"},"author":{"name":"Caroline Stroeck","@id":"https:\/\/www.weandmecfs.org\/de\/#\/schema\/person\/804f56e75068c80235eecfb668c92028"},"headline":"Internationaler ME\/CFS Tag","datePublished":"2026-04-27T12:59:56+00:00","dateModified":"2026-04-27T12:59:57+00:00","mainEntityOfPage":{"@id":"https:\/\/www.weandmecfs.org\/de\/internationaler-me-cfs-tag-2\/"},"wordCount":176,"commentCount":0,"publisher":{"@id":"https:\/\/www.weandmecfs.org\/de\/#organization"},"image":{"@id":"https:\/\/www.weandmecfs.org\/de\/internationaler-me-cfs-tag-2\/#primaryimage"},"thumbnailUrl":"https:\/\/www.weandmecfs.org\/wp-content\/uploads\/2026\/04\/me_cfs_tag_v10-724x1024.jpg","articleSection":["Veranstaltung"],"inLanguage":"de","potentialAction":[{"@type":"CommentAction","name":"Comment","target":["https:\/\/www.weandmecfs.org\/de\/internationaler-me-cfs-tag-2\/#respond"]}]},{"@type":"WebPage","@id":"https:\/\/www.weandmecfs.org\/de\/internationaler-me-cfs-tag-2\/","url":"https:\/\/www.weandmecfs.org\/de\/internationaler-me-cfs-tag-2\/","name":"Internationaler ME\/CFS Tag &#8226; WE &amp; ME Stiftung","isPartOf":{"@id":"https:\/\/www.weandmecfs.org\/de\/#website"},"primaryImageOfPage":{"@id":"https:\/\/www.weandmecfs.org\/de\/internationaler-me-cfs-tag-2\/#primaryimage"},"image":{"@id":"https:\/\/www.weandmecfs.org\/de\/internationaler-me-cfs-tag-2\/#primaryimage"},"thumbnailUrl":"https:\/\/www.weandmecfs.org\/wp-content\/uploads\/2026\/04\/me_cfs_tag_v10-724x1024.jpg","datePublished":"2026-04-27T12:59:56+00:00","dateModified":"2026-04-27T12:59:57+00:00","description":"Gemeinsam sichtbar werden: Benefizveranstaltung zum Internationalen ME\/CFS-Tag in St. P\u00f6lten Am 12. Mai 2026 wird der Rathausplatz Nord in St. P\u00f6lten zum","breadcrumb":{"@id":"https:\/\/www.weandmecfs.org\/de\/internationaler-me-cfs-tag-2\/#breadcrumb"},"inLanguage":"de","potentialAction":[{"@type":"ReadAction","target":["https:\/\/www.weandmecfs.org\/de\/internationaler-me-cfs-tag-2\/"]}]},{"@type":"ImageObject","inLanguage":"de","@id":"https:\/\/www.weandmecfs.org\/de\/internationaler-me-cfs-tag-2\/#primaryimage","url":"https:\/\/www.weandmecfs.org\/wp-content\/uploads\/2026\/04\/me_cfs_tag_v10-724x1024.jpg","contentUrl":"https:\/\/www.weandmecfs.org\/wp-content\/uploads\/2026\/04\/me_cfs_tag_v10-724x1024.jpg"},{"@type":"BreadcrumbList","@id":"https:\/\/www.weandmecfs.org\/de\/internationaler-me-cfs-tag-2\/#breadcrumb","itemListElement":[{"@type":"ListItem","position":1,"name":"Home","item":"https:\/\/www.weandmecfs.org\/de\/"},{"@type":"ListItem","position":2,"name":"Internationaler ME\/CFS Tag"}]},{"@type":"WebSite","@id":"https:\/\/www.weandmecfs.org\/de\/#website","url":"https:\/\/www.weandmecfs.org\/de\/","name":"WE&ME Stiftung","description":"Raising awareness, funds and support for #ME\/CFS.","publisher":{"@id":"https:\/\/www.weandmecfs.org\/de\/#organization"},"potentialAction":[{"@type":"SearchAction","target":{"@type":"EntryPoint","urlTemplate":"https:\/\/www.weandmecfs.org\/de\/?s={search_term_string}"},"query-input":{"@type":"PropertyValueSpecification","valueRequired":true,"valueName":"search_term_string"}}],"inLanguage":"de"},{"@type":"Organization","@id":"https:\/\/www.weandmecfs.org\/de\/#organization","name":"WE&ME Foundation","url":"https:\/\/www.weandmecfs.org\/de\/","logo":{"@type":"ImageObject","inLanguage":"de","@id":"https:\/\/www.weandmecfs.org\/de\/#\/schema\/logo\/image\/","url":"https:\/\/www.weandmecfs.org\/wp-content\/uploads\/2025\/11\/logo.svg","contentUrl":"https:\/\/www.weandmecfs.org\/wp-content\/uploads\/2025\/11\/logo.svg","width":1,"height":1,"caption":"WE&ME Foundation"},"image":{"@id":"https:\/\/www.weandmecfs.org\/de\/#\/schema\/logo\/image\/"},"sameAs":["https:\/\/x.com\/weandmecfs","https:\/\/www.instagram.com\/weandmecfs\/","https:\/\/www.linkedin.com\/company\/we-me-foundation\/"]},{"@type":"Person","@id":"https:\/\/www.weandmecfs.org\/de\/#\/schema\/person\/804f56e75068c80235eecfb668c92028","name":"Caroline Stroeck","image":{"@type":"ImageObject","inLanguage":"de","@id":"https:\/\/secure.gravatar.com\/avatar\/7b1703aa82272043c70f5f1b6d5ace2ba00321097060178e64f8545a8abe87b0?s=96&d=mm&r=g","url":"https:\/\/secure.gravatar.com\/avatar\/7b1703aa82272043c70f5f1b6d5ace2ba00321097060178e64f8545a8abe87b0?s=96&d=mm&r=g","contentUrl":"https:\/\/secure.gravatar.com\/avatar\/7b1703aa82272043c70f5f1b6d5ace2ba00321097060178e64f8545a8abe87b0?s=96&d=mm&r=g","caption":"Caroline Stroeck"},"url":"https:\/\/www.weandmecfs.org\/de\/author\/cstroeck\/"}]}},"_links":{"self":[{"href":"https:\/\/www.weandmecfs.org\/de\/wp-json\/wp\/v2\/posts\/2445","targetHints":{"allow":["GET"]}}],"collection":[{"href":"https:\/\/www.weandmecfs.org\/de\/wp-json\/wp\/v2\/posts"}],"about":[{"href":"https:\/\/www.weandmecfs.org\/de\/wp-json\/wp\/v2\/types\/post"}],"author":[{"embeddable":true,"href":"https:\/\/www.weandmecfs.org\/de\/wp-json\/wp\/v2\/users\/4"}],"replies":[{"embeddable":true,"href":"https:\/\/www.weandmecfs.org\/de\/wp-json\/wp\/v2\/comments?post=2445"}],"version-history":[{"count":5,"href":"https:\/\/www.weandmecfs.org\/de\/wp-json\/wp\/v2\/posts\/2445\/revisions"}],"predecessor-version":[{"id":2453,"href":"https:\/\/www.weandmecfs.org\/de\/wp-json\/wp\/v2\/posts\/2445\/revisions\/2453"}],"wp:attachment":[{"href":"https:\/\/www.weandmecfs.org\/de\/wp-json\/wp\/v2\/media?parent=2445"}],"wp:term":[{"taxonomy":"category","embeddable":true,"href":"https:\/\/www.weandmecfs.org\/de\/wp-json\/wp\/v2\/categories?post=2445"},{"taxonomy":"post_tag","embeddable":true,"href":"https:\/\/www.weandmecfs.org\/de\/wp-json\/wp\/v2\/tags?post=2445"}],"curies":[{"name":"wp","href":"https:\/\/api.w.org\/{rel}","templated":true}]}}