{"id":2468,"date":"2026-04-27T14:37:23","date_gmt":"2026-04-27T13:37:23","guid":{"rendered":"https:\/\/www.weandmecfs.org\/?p=2468"},"modified":"2026-04-27T14:40:10","modified_gmt":"2026-04-27T13:40:10","slug":"art-without-limit-internationales-film-festival-wolkersdorf","status":"publish","type":"post","link":"https:\/\/www.weandmecfs.org\/de\/art-without-limit-internationales-film-festival-wolkersdorf\/","title":{"rendered":"Art without Limit &#8211; Internationales Film Festival &#8211; Wolkersdorf"},"content":{"rendered":"\n<p><strong>Kunst ohne Barrieren. Film mit Haltung.<\/strong><\/p>\n\n\n\n<p>Am <strong>1. Mai 2026<\/strong> macht das internationale <strong>ART WITHOUT LIMIT Film Festival<\/strong> seinen ersten Halt in \u00d6sterreich \u2013 in <strong>Wolkersdorf (N\u00d6)<\/strong>. Das Festival r\u00fcckt Menschen mit Behinderungen und besonderen Bed\u00fcrfnissen weltweit in den Fokus und schafft eine B\u00fchne f\u00fcr Sichtbarkeit, Empowerment und gesellschaftlichen Wandel durch Film.<\/p>\n\n\n\n<p>Gezeigt werden internationale Filme, die Perspektiven er\u00f6ffnen, Vorurteile abbauen und Inklusion st\u00e4rken. Seit 2020 verbindet AWL Kunst, Aktivismus und soziale Gerechtigkeit \u2013 mit dem klaren Ziel, Diskriminierung zu reduzieren und Stimmen h\u00f6rbar zu machen, die oft \u00fcbersehen werden.<\/p>\n\n\n\n<p>F\u00fcr uns als WE&amp;ME Foundation ist klar: Sichtbarkeit ver\u00e4ndert.<br>Wer Gesellschaft ver\u00e4ndern will, muss Geschichten erz\u00e4hlen, die bewegen.<\/p>\n\n\n\n<p><a href=\"https:\/\/www.awl-filmfestival.com\" target=\"_blank\" rel=\"noreferrer noopener\">https:\/\/www.awl-filmfestival.com<\/a><\/p>\n\n\n\n<p><\/p>\n","protected":false},"excerpt":{"rendered":"<p>Kunst ohne Barrieren. Film mit Haltung. Am 1. Mai 2026 macht das internationale ART WITHOUT LIMIT Film Festival seinen ersten Halt in \u00d6sterreich \u2013 in Wolkersdorf (N\u00d6). Das Festival r\u00fcckt Menschen mit Behinderungen und besonderen Bed\u00fcrfnissen weltweit in den Fokus und schafft eine B\u00fchne f\u00fcr Sichtbarkeit, Empowerment und gesellschaftlichen Wandel durch Film. Gezeigt werden internationale [&hellip;]<\/p>\n","protected":false},"author":4,"featured_media":0,"comment_status":"open","ping_status":"open","sticky":false,"template":"","format":"standard","meta":{"_acf_changed":false,"footnotes":""},"categories":[30],"tags":[],"class_list":["post-2468","post","type-post","status-publish","format-standard","hentry","category-event"],"acf":[],"yoast_head":"<!-- This site is optimized with the Yoast SEO plugin v27.5 - https:\/\/yoast.com\/product\/yoast-seo-wordpress\/ -->\n<title>Art without Limit - Internationales Film Festival - Wolkersdorf &#8226; WE &amp; ME Stiftung<\/title>\n<meta name=\"description\" content=\"Kunst ohne Barrieren. Film mit Haltung. Am 1. Mai 2026 macht das internationale ART WITHOUT LIMIT Film Festival seinen ersten Halt in \u00d6sterreich \u2013 in\" \/>\n<meta name=\"robots\" content=\"index, follow, max-snippet:-1, max-image-preview:large, max-video-preview:-1\" \/>\n<link rel=\"canonical\" href=\"https:\/\/www.weandmecfs.org\/de\/art-without-limit-internationales-film-festival-wolkersdorf\/\" \/>\n<meta property=\"og:locale\" content=\"de_DE\" \/>\n<meta property=\"og:type\" content=\"article\" \/>\n<meta property=\"og:title\" content=\"Art without Limit - Internationales Film Festival - Wolkersdorf &#8226; WE &amp; ME Stiftung\" \/>\n<meta property=\"og:description\" content=\"Kunst ohne Barrieren. Film mit Haltung. Am 1. Mai 2026 macht das internationale ART WITHOUT LIMIT Film Festival seinen ersten Halt in \u00d6sterreich \u2013 in\" \/>\n<meta property=\"og:url\" content=\"https:\/\/www.weandmecfs.org\/de\/art-without-limit-internationales-film-festival-wolkersdorf\/\" \/>\n<meta property=\"og:site_name\" content=\"WE &amp; ME Stiftung\" \/>\n<meta property=\"article:published_time\" content=\"2026-04-27T13:37:23+00:00\" \/>\n<meta property=\"article:modified_time\" content=\"2026-04-27T13:40:10+00:00\" \/>\n<meta property=\"og:image\" content=\"https:\/\/www.weandmecfs.org\/wp-content\/uploads\/2025\/12\/defualt-1400x700-1.jpg\" \/>\n\t<meta property=\"og:image:width\" content=\"1400\" \/>\n\t<meta property=\"og:image:height\" content=\"700\" \/>\n\t<meta property=\"og:image:type\" content=\"image\/jpeg\" \/>\n<meta name=\"author\" content=\"Caroline Stroeck\" \/>\n<meta name=\"twitter:card\" content=\"summary_large_image\" \/>\n<meta name=\"twitter:creator\" content=\"@weandmecfs\" \/>\n<meta name=\"twitter:site\" content=\"@weandmecfs\" \/>\n<meta name=\"twitter:label1\" content=\"Verfasst von\" \/>\n\t<meta name=\"twitter:data1\" content=\"Caroline Stroeck\" \/>\n\t<meta name=\"twitter:label2\" content=\"Gesch\u00e4tzte Lesezeit\" \/>\n\t<meta name=\"twitter:data2\" content=\"1\u00a0Minute\" \/>\n<script type=\"application\/ld+json\" class=\"yoast-schema-graph\">{\"@context\":\"https:\\\/\\\/schema.org\",\"@graph\":[{\"@type\":\"Article\",\"@id\":\"https:\\\/\\\/www.weandmecfs.org\\\/de\\\/art-without-limit-internationales-film-festival-wolkersdorf\\\/#article\",\"isPartOf\":{\"@id\":\"https:\\\/\\\/www.weandmecfs.org\\\/de\\\/art-without-limit-internationales-film-festival-wolkersdorf\\\/\"},\"author\":{\"name\":\"Caroline Stroeck\",\"@id\":\"https:\\\/\\\/www.weandmecfs.org\\\/de\\\/#\\\/schema\\\/person\\\/804f56e75068c80235eecfb668c92028\"},\"headline\":\"Art without Limit &#8211; Internationales Film Festival &#8211; Wolkersdorf\",\"datePublished\":\"2026-04-27T13:37:23+00:00\",\"dateModified\":\"2026-04-27T13:40:10+00:00\",\"mainEntityOfPage\":{\"@id\":\"https:\\\/\\\/www.weandmecfs.org\\\/de\\\/art-without-limit-internationales-film-festival-wolkersdorf\\\/\"},\"wordCount\":129,\"commentCount\":0,\"publisher\":{\"@id\":\"https:\\\/\\\/www.weandmecfs.org\\\/de\\\/#organization\"},\"articleSection\":[\"Veranstaltung\"],\"inLanguage\":\"de\",\"potentialAction\":[{\"@type\":\"CommentAction\",\"name\":\"Comment\",\"target\":[\"https:\\\/\\\/www.weandmecfs.org\\\/de\\\/art-without-limit-internationales-film-festival-wolkersdorf\\\/#respond\"]}]},{\"@type\":\"WebPage\",\"@id\":\"https:\\\/\\\/www.weandmecfs.org\\\/de\\\/art-without-limit-internationales-film-festival-wolkersdorf\\\/\",\"url\":\"https:\\\/\\\/www.weandmecfs.org\\\/de\\\/art-without-limit-internationales-film-festival-wolkersdorf\\\/\",\"name\":\"Art without Limit - Internationales Film Festival - Wolkersdorf &#8226; WE &amp; ME Stiftung\",\"isPartOf\":{\"@id\":\"https:\\\/\\\/www.weandmecfs.org\\\/de\\\/#website\"},\"datePublished\":\"2026-04-27T13:37:23+00:00\",\"dateModified\":\"2026-04-27T13:40:10+00:00\",\"description\":\"Kunst ohne Barrieren. Film mit Haltung. Am 1. Mai 2026 macht das internationale ART WITHOUT LIMIT Film Festival seinen ersten Halt in \u00d6sterreich \u2013 in\",\"breadcrumb\":{\"@id\":\"https:\\\/\\\/www.weandmecfs.org\\\/de\\\/art-without-limit-internationales-film-festival-wolkersdorf\\\/#breadcrumb\"},\"inLanguage\":\"de\",\"potentialAction\":[{\"@type\":\"ReadAction\",\"target\":[\"https:\\\/\\\/www.weandmecfs.org\\\/de\\\/art-without-limit-internationales-film-festival-wolkersdorf\\\/\"]}]},{\"@type\":\"BreadcrumbList\",\"@id\":\"https:\\\/\\\/www.weandmecfs.org\\\/de\\\/art-without-limit-internationales-film-festival-wolkersdorf\\\/#breadcrumb\",\"itemListElement\":[{\"@type\":\"ListItem\",\"position\":1,\"name\":\"Home\",\"item\":\"https:\\\/\\\/www.weandmecfs.org\\\/de\\\/\"},{\"@type\":\"ListItem\",\"position\":2,\"name\":\"Art without Limit &#8211; Internationales Film Festival &#8211; Wolkersdorf\"}]},{\"@type\":\"WebSite\",\"@id\":\"https:\\\/\\\/www.weandmecfs.org\\\/de\\\/#website\",\"url\":\"https:\\\/\\\/www.weandmecfs.org\\\/de\\\/\",\"name\":\"WE&ME Stiftung\",\"description\":\"Raising awareness, funds and support for #ME\\\/CFS.\",\"publisher\":{\"@id\":\"https:\\\/\\\/www.weandmecfs.org\\\/de\\\/#organization\"},\"potentialAction\":[{\"@type\":\"SearchAction\",\"target\":{\"@type\":\"EntryPoint\",\"urlTemplate\":\"https:\\\/\\\/www.weandmecfs.org\\\/de\\\/?s={search_term_string}\"},\"query-input\":{\"@type\":\"PropertyValueSpecification\",\"valueRequired\":true,\"valueName\":\"search_term_string\"}}],\"inLanguage\":\"de\"},{\"@type\":\"Organization\",\"@id\":\"https:\\\/\\\/www.weandmecfs.org\\\/de\\\/#organization\",\"name\":\"WE&ME Foundation\",\"url\":\"https:\\\/\\\/www.weandmecfs.org\\\/de\\\/\",\"logo\":{\"@type\":\"ImageObject\",\"inLanguage\":\"de\",\"@id\":\"https:\\\/\\\/www.weandmecfs.org\\\/de\\\/#\\\/schema\\\/logo\\\/image\\\/\",\"url\":\"https:\\\/\\\/www.weandmecfs.org\\\/wp-content\\\/uploads\\\/2025\\\/11\\\/logo.svg\",\"contentUrl\":\"https:\\\/\\\/www.weandmecfs.org\\\/wp-content\\\/uploads\\\/2025\\\/11\\\/logo.svg\",\"width\":1,\"height\":1,\"caption\":\"WE&ME Foundation\"},\"image\":{\"@id\":\"https:\\\/\\\/www.weandmecfs.org\\\/de\\\/#\\\/schema\\\/logo\\\/image\\\/\"},\"sameAs\":[\"https:\\\/\\\/x.com\\\/weandmecfs\",\"https:\\\/\\\/www.instagram.com\\\/weandmecfs\\\/\",\"https:\\\/\\\/www.linkedin.com\\\/company\\\/we-me-foundation\\\/\"]},{\"@type\":\"Person\",\"@id\":\"https:\\\/\\\/www.weandmecfs.org\\\/de\\\/#\\\/schema\\\/person\\\/804f56e75068c80235eecfb668c92028\",\"name\":\"Caroline Stroeck\",\"image\":{\"@type\":\"ImageObject\",\"inLanguage\":\"de\",\"@id\":\"https:\\\/\\\/secure.gravatar.com\\\/avatar\\\/7b1703aa82272043c70f5f1b6d5ace2ba00321097060178e64f8545a8abe87b0?s=96&d=mm&r=g\",\"url\":\"https:\\\/\\\/secure.gravatar.com\\\/avatar\\\/7b1703aa82272043c70f5f1b6d5ace2ba00321097060178e64f8545a8abe87b0?s=96&d=mm&r=g\",\"contentUrl\":\"https:\\\/\\\/secure.gravatar.com\\\/avatar\\\/7b1703aa82272043c70f5f1b6d5ace2ba00321097060178e64f8545a8abe87b0?s=96&d=mm&r=g\",\"caption\":\"Caroline Stroeck\"},\"url\":\"https:\\\/\\\/www.weandmecfs.org\\\/de\\\/author\\\/cstroeck\\\/\"}]}<\/script>\n<!-- \/ Yoast SEO plugin. -->","yoast_head_json":{"title":"Art without Limit - Internationales Film Festival - Wolkersdorf &#8226; WE &amp; ME Stiftung","description":"Kunst ohne Barrieren. Film mit Haltung. Am 1. Mai 2026 macht das internationale ART WITHOUT LIMIT Film Festival seinen ersten Halt in \u00d6sterreich \u2013 in","robots":{"index":"index","follow":"follow","max-snippet":"max-snippet:-1","max-image-preview":"max-image-preview:large","max-video-preview":"max-video-preview:-1"},"canonical":"https:\/\/www.weandmecfs.org\/de\/art-without-limit-internationales-film-festival-wolkersdorf\/","og_locale":"de_DE","og_type":"article","og_title":"Art without Limit - Internationales Film Festival - Wolkersdorf &#8226; WE &amp; ME Stiftung","og_description":"Kunst ohne Barrieren. Film mit Haltung. Am 1. Mai 2026 macht das internationale ART WITHOUT LIMIT Film Festival seinen ersten Halt in \u00d6sterreich \u2013 in","og_url":"https:\/\/www.weandmecfs.org\/de\/art-without-limit-internationales-film-festival-wolkersdorf\/","og_site_name":"WE &amp; ME Stiftung","article_published_time":"2026-04-27T13:37:23+00:00","article_modified_time":"2026-04-27T13:40:10+00:00","og_image":[{"width":1400,"height":700,"url":"https:\/\/www.weandmecfs.org\/wp-content\/uploads\/2025\/12\/defualt-1400x700-1.jpg","type":"image\/jpeg"}],"author":"Caroline Stroeck","twitter_card":"summary_large_image","twitter_creator":"@weandmecfs","twitter_site":"@weandmecfs","twitter_misc":{"Verfasst von":"Caroline Stroeck","Gesch\u00e4tzte Lesezeit":"1\u00a0Minute"},"schema":{"@context":"https:\/\/schema.org","@graph":[{"@type":"Article","@id":"https:\/\/www.weandmecfs.org\/de\/art-without-limit-internationales-film-festival-wolkersdorf\/#article","isPartOf":{"@id":"https:\/\/www.weandmecfs.org\/de\/art-without-limit-internationales-film-festival-wolkersdorf\/"},"author":{"name":"Caroline Stroeck","@id":"https:\/\/www.weandmecfs.org\/de\/#\/schema\/person\/804f56e75068c80235eecfb668c92028"},"headline":"Art without Limit &#8211; Internationales Film Festival &#8211; Wolkersdorf","datePublished":"2026-04-27T13:37:23+00:00","dateModified":"2026-04-27T13:40:10+00:00","mainEntityOfPage":{"@id":"https:\/\/www.weandmecfs.org\/de\/art-without-limit-internationales-film-festival-wolkersdorf\/"},"wordCount":129,"commentCount":0,"publisher":{"@id":"https:\/\/www.weandmecfs.org\/de\/#organization"},"articleSection":["Veranstaltung"],"inLanguage":"de","potentialAction":[{"@type":"CommentAction","name":"Comment","target":["https:\/\/www.weandmecfs.org\/de\/art-without-limit-internationales-film-festival-wolkersdorf\/#respond"]}]},{"@type":"WebPage","@id":"https:\/\/www.weandmecfs.org\/de\/art-without-limit-internationales-film-festival-wolkersdorf\/","url":"https:\/\/www.weandmecfs.org\/de\/art-without-limit-internationales-film-festival-wolkersdorf\/","name":"Art without Limit - Internationales Film Festival - Wolkersdorf &#8226; WE &amp; ME Stiftung","isPartOf":{"@id":"https:\/\/www.weandmecfs.org\/de\/#website"},"datePublished":"2026-04-27T13:37:23+00:00","dateModified":"2026-04-27T13:40:10+00:00","description":"Kunst ohne Barrieren. Film mit Haltung. Am 1. Mai 2026 macht das internationale ART WITHOUT LIMIT Film Festival seinen ersten Halt in \u00d6sterreich \u2013 in","breadcrumb":{"@id":"https:\/\/www.weandmecfs.org\/de\/art-without-limit-internationales-film-festival-wolkersdorf\/#breadcrumb"},"inLanguage":"de","potentialAction":[{"@type":"ReadAction","target":["https:\/\/www.weandmecfs.org\/de\/art-without-limit-internationales-film-festival-wolkersdorf\/"]}]},{"@type":"BreadcrumbList","@id":"https:\/\/www.weandmecfs.org\/de\/art-without-limit-internationales-film-festival-wolkersdorf\/#breadcrumb","itemListElement":[{"@type":"ListItem","position":1,"name":"Home","item":"https:\/\/www.weandmecfs.org\/de\/"},{"@type":"ListItem","position":2,"name":"Art without Limit &#8211; Internationales Film Festival &#8211; Wolkersdorf"}]},{"@type":"WebSite","@id":"https:\/\/www.weandmecfs.org\/de\/#website","url":"https:\/\/www.weandmecfs.org\/de\/","name":"WE&ME Stiftung","description":"Raising awareness, funds and support for #ME\/CFS.","publisher":{"@id":"https:\/\/www.weandmecfs.org\/de\/#organization"},"potentialAction":[{"@type":"SearchAction","target":{"@type":"EntryPoint","urlTemplate":"https:\/\/www.weandmecfs.org\/de\/?s={search_term_string}"},"query-input":{"@type":"PropertyValueSpecification","valueRequired":true,"valueName":"search_term_string"}}],"inLanguage":"de"},{"@type":"Organization","@id":"https:\/\/www.weandmecfs.org\/de\/#organization","name":"WE&ME Foundation","url":"https:\/\/www.weandmecfs.org\/de\/","logo":{"@type":"ImageObject","inLanguage":"de","@id":"https:\/\/www.weandmecfs.org\/de\/#\/schema\/logo\/image\/","url":"https:\/\/www.weandmecfs.org\/wp-content\/uploads\/2025\/11\/logo.svg","contentUrl":"https:\/\/www.weandmecfs.org\/wp-content\/uploads\/2025\/11\/logo.svg","width":1,"height":1,"caption":"WE&ME Foundation"},"image":{"@id":"https:\/\/www.weandmecfs.org\/de\/#\/schema\/logo\/image\/"},"sameAs":["https:\/\/x.com\/weandmecfs","https:\/\/www.instagram.com\/weandmecfs\/","https:\/\/www.linkedin.com\/company\/we-me-foundation\/"]},{"@type":"Person","@id":"https:\/\/www.weandmecfs.org\/de\/#\/schema\/person\/804f56e75068c80235eecfb668c92028","name":"Caroline Stroeck","image":{"@type":"ImageObject","inLanguage":"de","@id":"https:\/\/secure.gravatar.com\/avatar\/7b1703aa82272043c70f5f1b6d5ace2ba00321097060178e64f8545a8abe87b0?s=96&d=mm&r=g","url":"https:\/\/secure.gravatar.com\/avatar\/7b1703aa82272043c70f5f1b6d5ace2ba00321097060178e64f8545a8abe87b0?s=96&d=mm&r=g","contentUrl":"https:\/\/secure.gravatar.com\/avatar\/7b1703aa82272043c70f5f1b6d5ace2ba00321097060178e64f8545a8abe87b0?s=96&d=mm&r=g","caption":"Caroline Stroeck"},"url":"https:\/\/www.weandmecfs.org\/de\/author\/cstroeck\/"}]}},"_links":{"self":[{"href":"https:\/\/www.weandmecfs.org\/de\/wp-json\/wp\/v2\/posts\/2468","targetHints":{"allow":["GET"]}}],"collection":[{"href":"https:\/\/www.weandmecfs.org\/de\/wp-json\/wp\/v2\/posts"}],"about":[{"href":"https:\/\/www.weandmecfs.org\/de\/wp-json\/wp\/v2\/types\/post"}],"author":[{"embeddable":true,"href":"https:\/\/www.weandmecfs.org\/de\/wp-json\/wp\/v2\/users\/4"}],"replies":[{"embeddable":true,"href":"https:\/\/www.weandmecfs.org\/de\/wp-json\/wp\/v2\/comments?post=2468"}],"version-history":[{"count":4,"href":"https:\/\/www.weandmecfs.org\/de\/wp-json\/wp\/v2\/posts\/2468\/revisions"}],"predecessor-version":[{"id":2477,"href":"https:\/\/www.weandmecfs.org\/de\/wp-json\/wp\/v2\/posts\/2468\/revisions\/2477"}],"wp:attachment":[{"href":"https:\/\/www.weandmecfs.org\/de\/wp-json\/wp\/v2\/media?parent=2468"}],"wp:term":[{"taxonomy":"category","embeddable":true,"href":"https:\/\/www.weandmecfs.org\/de\/wp-json\/wp\/v2\/categories?post=2468"},{"taxonomy":"post_tag","embeddable":true,"href":"https:\/\/www.weandmecfs.org\/de\/wp-json\/wp\/v2\/tags?post=2468"}],"curies":[{"name":"wp","href":"https:\/\/api.w.org\/{rel}","templated":true}]}}