{"id":2478,"date":"2026-04-27T14:58:24","date_gmt":"2026-04-27T13:58:24","guid":{"rendered":"https:\/\/www.weandmecfs.org\/?p=2478"},"modified":"2026-04-27T14:58:25","modified_gmt":"2026-04-27T13:58:25","slug":"38-asics-oesterreichischer-frauenlauf","status":"publish","type":"post","link":"https:\/\/www.weandmecfs.org\/de\/38-asics-oesterreichischer-frauenlauf\/","title":{"rendered":"38. ASICS \u00d6sterreichischer Frauenlauf"},"content":{"rendered":"\n<p>ASICS \u00d6sterreichischer Frauenlauf 2026 \u2013 Gemeinsam laufen, gemeinsam helfen! <\/p>\n\n\n\n<p>Am 31. Mai 2026 wird der Wiener Prater wieder zum Treffpunkt f\u00fcr tausende Frauen und M\u00e4dchen, die beim 38. ASICS \u00d6sterreichischen Frauenlauf ein starkes Zeichen f\u00fcr Bewegung, Gemeinschaft und Empowerment setzen.<\/p>\n\n\n\n<p>Auch heuer wird dabei wieder f\u00fcr die WE&amp;ME Stiftung gesammelt: Bereits 2025 konnten im Rahmen der Veranstaltung EUR 4.445,- f\u00fcr Forschung und Anerkennung von ME\/CFS gesammelt werden.<\/p>\n\n\n\n<p>Zus\u00e4tzlich unterst\u00fctzt auch ein Str\u00f6ck-Stand vor Ort die WE&amp;ME Stiftung: Die Einnahmen des Standes kommen ebenfalls der WE&amp;ME Foundation zugute und tragen dazu bei, wichtige Forschung f\u00fcr ME\/CFS voranzubringen.<\/p>\n\n\n\n<p>\ud83d\udccd 31. Mai 2026<br>\ud83d\udccd Wiener Prater, Wien<\/p>\n\n\n\n<p>Vorbeikommen, mitlaufen, unterst\u00fctzen \u2013 jede Teilnahme, jede Spende und jeder Besuch beim Str\u00f6ck-Stand hilft, Hoffnung auf bessere Behandlungsm\u00f6glichkeiten und Heilung zu st\u00e4rken.<\/p>\n\n\n\n<p><a href=\"https:\/\/www.oesterreichischer-frauenlauf.at\/de\/ueber-uns\/we-care\" target=\"_blank\" rel=\"noreferrer noopener\">https:\/\/www.oesterreichischer-frauenlauf.at\/de\/ueber-uns\/we-care<\/a><\/p>\n\n\n\n<figure class=\"wp-block-image size-full\"><img loading=\"lazy\" width=\"886\" height=\"886\" src=\"https:\/\/www.weandmecfs.org\/wp-content\/uploads\/2026\/04\/A33F69DF-3D27-4495-82F7-B35F662C8AD4_1_105_c.jpeg\" alt=\"Zwei Frauen l\u00e4cheln und halten einen gro\u00dfen feierlichen Scheck \u00fcber 4.445 \u20ac von der WE &amp; ME Foundation. Sie stehen auf der B\u00fchne vor einem Bildschirm, auf dem Grafiken der Veranstaltung zu sehen sind. Das Datum auf dem Scheck ist der 25. Mai 2025.\" class=\"wp-image-2480\" srcset=\"https:\/\/www.weandmecfs.org\/wp-content\/uploads\/2026\/04\/A33F69DF-3D27-4495-82F7-B35F662C8AD4_1_105_c.jpeg 886w, https:\/\/www.weandmecfs.org\/wp-content\/uploads\/2026\/04\/A33F69DF-3D27-4495-82F7-B35F662C8AD4_1_105_c-300x300.jpeg 300w, https:\/\/www.weandmecfs.org\/wp-content\/uploads\/2026\/04\/A33F69DF-3D27-4495-82F7-B35F662C8AD4_1_105_c-150x150.jpeg 150w, https:\/\/www.weandmecfs.org\/wp-content\/uploads\/2026\/04\/A33F69DF-3D27-4495-82F7-B35F662C8AD4_1_105_c-768x768.jpeg 768w, https:\/\/www.weandmecfs.org\/wp-content\/uploads\/2026\/04\/A33F69DF-3D27-4495-82F7-B35F662C8AD4_1_105_c-450x450.jpeg 450w, https:\/\/www.weandmecfs.org\/wp-content\/uploads\/2026\/04\/A33F69DF-3D27-4495-82F7-B35F662C8AD4_1_105_c-720x720.jpeg 720w\" sizes=\"(max-width: 886px) 100vw, 886px\" \/><\/figure>\n","protected":false},"excerpt":{"rendered":"<p>ASICS \u00d6sterreichischer Frauenlauf 2026 \u2013 Gemeinsam laufen, gemeinsam helfen! Am 31. Mai 2026 wird der Wiener Prater wieder zum Treffpunkt f\u00fcr tausende Frauen und M\u00e4dchen, die beim 38. ASICS \u00d6sterreichischen Frauenlauf ein starkes Zeichen f\u00fcr Bewegung, Gemeinschaft und Empowerment setzen. Auch heuer wird dabei wieder f\u00fcr die WE&amp;ME Stiftung gesammelt: Bereits 2025 konnten im Rahmen [&hellip;]<\/p>\n","protected":false},"author":4,"featured_media":2482,"comment_status":"open","ping_status":"open","sticky":false,"template":"","format":"standard","meta":{"_acf_changed":false,"footnotes":""},"categories":[30],"tags":[],"class_list":["post-2478","post","type-post","status-publish","format-standard","has-post-thumbnail","hentry","category-event"],"acf":[],"yoast_head":"<!-- This site is optimized with the Yoast SEO plugin v27.5 - https:\/\/yoast.com\/product\/yoast-seo-wordpress\/ -->\n<title>38. ASICS \u00d6sterreichischer Frauenlauf &#8226; WE &amp; ME Stiftung<\/title>\n<meta name=\"description\" content=\"ASICS \u00d6sterreichischer Frauenlauf 2026 \u2013 Gemeinsam laufen, gemeinsam helfen! Am 31. Mai 2026 wird der Wiener Prater wieder zum Treffpunkt f\u00fcr tausende\" \/>\n<meta name=\"robots\" content=\"index, follow, max-snippet:-1, max-image-preview:large, max-video-preview:-1\" \/>\n<link rel=\"canonical\" href=\"https:\/\/www.weandmecfs.org\/de\/38-asics-oesterreichischer-frauenlauf\/\" \/>\n<meta property=\"og:locale\" content=\"de_DE\" \/>\n<meta property=\"og:type\" content=\"article\" \/>\n<meta property=\"og:title\" content=\"38. ASICS \u00d6sterreichischer Frauenlauf &#8226; WE &amp; ME Stiftung\" \/>\n<meta property=\"og:description\" content=\"ASICS \u00d6sterreichischer Frauenlauf 2026 \u2013 Gemeinsam laufen, gemeinsam helfen! Am 31. Mai 2026 wird der Wiener Prater wieder zum Treffpunkt f\u00fcr tausende\" \/>\n<meta property=\"og:url\" content=\"https:\/\/www.weandmecfs.org\/de\/38-asics-oesterreichischer-frauenlauf\/\" \/>\n<meta property=\"og:site_name\" content=\"WE &amp; ME Stiftung\" \/>\n<meta property=\"article:published_time\" content=\"2026-04-27T13:58:24+00:00\" \/>\n<meta property=\"article:modified_time\" content=\"2026-04-27T13:58:25+00:00\" \/>\n<meta property=\"og:image\" content=\"https:\/\/www.weandmecfs.org\/wp-content\/uploads\/2026\/04\/1E2CFFFF-68A7-4720-8C51-183EB75859BB_1_105_c.jpeg\" \/>\n\t<meta property=\"og:image:width\" content=\"1182\" \/>\n\t<meta property=\"og:image:height\" content=\"665\" \/>\n\t<meta property=\"og:image:type\" content=\"image\/jpeg\" \/>\n<meta name=\"author\" content=\"Caroline Stroeck\" \/>\n<meta name=\"twitter:card\" content=\"summary_large_image\" \/>\n<meta name=\"twitter:creator\" content=\"@weandmecfs\" \/>\n<meta name=\"twitter:site\" content=\"@weandmecfs\" \/>\n<meta name=\"twitter:label1\" content=\"Verfasst von\" \/>\n\t<meta name=\"twitter:data1\" content=\"Caroline Stroeck\" \/>\n\t<meta name=\"twitter:label2\" content=\"Gesch\u00e4tzte Lesezeit\" \/>\n\t<meta name=\"twitter:data2\" content=\"2\u00a0Minuten\" \/>\n<script type=\"application\/ld+json\" class=\"yoast-schema-graph\">{\"@context\":\"https:\\\/\\\/schema.org\",\"@graph\":[{\"@type\":\"Article\",\"@id\":\"https:\\\/\\\/www.weandmecfs.org\\\/de\\\/38-asics-oesterreichischer-frauenlauf\\\/#article\",\"isPartOf\":{\"@id\":\"https:\\\/\\\/www.weandmecfs.org\\\/de\\\/38-asics-oesterreichischer-frauenlauf\\\/\"},\"author\":{\"name\":\"Caroline Stroeck\",\"@id\":\"https:\\\/\\\/www.weandmecfs.org\\\/de\\\/#\\\/schema\\\/person\\\/804f56e75068c80235eecfb668c92028\"},\"headline\":\"38. ASICS \u00d6sterreichischer Frauenlauf\",\"datePublished\":\"2026-04-27T13:58:24+00:00\",\"dateModified\":\"2026-04-27T13:58:25+00:00\",\"mainEntityOfPage\":{\"@id\":\"https:\\\/\\\/www.weandmecfs.org\\\/de\\\/38-asics-oesterreichischer-frauenlauf\\\/\"},\"wordCount\":146,\"commentCount\":0,\"publisher\":{\"@id\":\"https:\\\/\\\/www.weandmecfs.org\\\/de\\\/#organization\"},\"image\":{\"@id\":\"https:\\\/\\\/www.weandmecfs.org\\\/de\\\/38-asics-oesterreichischer-frauenlauf\\\/#primaryimage\"},\"thumbnailUrl\":\"https:\\\/\\\/www.weandmecfs.org\\\/wp-content\\\/uploads\\\/2026\\\/04\\\/1E2CFFFF-68A7-4720-8C51-183EB75859BB_1_105_c.jpeg\",\"articleSection\":[\"Veranstaltung\"],\"inLanguage\":\"de\",\"potentialAction\":[{\"@type\":\"CommentAction\",\"name\":\"Comment\",\"target\":[\"https:\\\/\\\/www.weandmecfs.org\\\/de\\\/38-asics-oesterreichischer-frauenlauf\\\/#respond\"]}]},{\"@type\":\"WebPage\",\"@id\":\"https:\\\/\\\/www.weandmecfs.org\\\/de\\\/38-asics-oesterreichischer-frauenlauf\\\/\",\"url\":\"https:\\\/\\\/www.weandmecfs.org\\\/de\\\/38-asics-oesterreichischer-frauenlauf\\\/\",\"name\":\"38. ASICS \u00d6sterreichischer Frauenlauf &#8226; WE &amp; ME Stiftung\",\"isPartOf\":{\"@id\":\"https:\\\/\\\/www.weandmecfs.org\\\/de\\\/#website\"},\"primaryImageOfPage\":{\"@id\":\"https:\\\/\\\/www.weandmecfs.org\\\/de\\\/38-asics-oesterreichischer-frauenlauf\\\/#primaryimage\"},\"image\":{\"@id\":\"https:\\\/\\\/www.weandmecfs.org\\\/de\\\/38-asics-oesterreichischer-frauenlauf\\\/#primaryimage\"},\"thumbnailUrl\":\"https:\\\/\\\/www.weandmecfs.org\\\/wp-content\\\/uploads\\\/2026\\\/04\\\/1E2CFFFF-68A7-4720-8C51-183EB75859BB_1_105_c.jpeg\",\"datePublished\":\"2026-04-27T13:58:24+00:00\",\"dateModified\":\"2026-04-27T13:58:25+00:00\",\"description\":\"ASICS \u00d6sterreichischer Frauenlauf 2026 \u2013 Gemeinsam laufen, gemeinsam helfen! Am 31. Mai 2026 wird der Wiener Prater wieder zum Treffpunkt f\u00fcr tausende\",\"breadcrumb\":{\"@id\":\"https:\\\/\\\/www.weandmecfs.org\\\/de\\\/38-asics-oesterreichischer-frauenlauf\\\/#breadcrumb\"},\"inLanguage\":\"de\",\"potentialAction\":[{\"@type\":\"ReadAction\",\"target\":[\"https:\\\/\\\/www.weandmecfs.org\\\/de\\\/38-asics-oesterreichischer-frauenlauf\\\/\"]}]},{\"@type\":\"ImageObject\",\"inLanguage\":\"de\",\"@id\":\"https:\\\/\\\/www.weandmecfs.org\\\/de\\\/38-asics-oesterreichischer-frauenlauf\\\/#primaryimage\",\"url\":\"https:\\\/\\\/www.weandmecfs.org\\\/wp-content\\\/uploads\\\/2026\\\/04\\\/1E2CFFFF-68A7-4720-8C51-183EB75859BB_1_105_c.jpeg\",\"contentUrl\":\"https:\\\/\\\/www.weandmecfs.org\\\/wp-content\\\/uploads\\\/2026\\\/04\\\/1E2CFFFF-68A7-4720-8C51-183EB75859BB_1_105_c.jpeg\",\"width\":1182,\"height\":665,\"caption\":\"Eine Gruppe von Menschen in passenden hellblauen T-Shirts posiert und l\u00e4chelt vor einem wei\u00dfen Zelt bei einer Veranstaltung im Freien. Einige tragen Startnummern, andere stehen oder hocken an einem sonnigen Tag zusammen.\"},{\"@type\":\"BreadcrumbList\",\"@id\":\"https:\\\/\\\/www.weandmecfs.org\\\/de\\\/38-asics-oesterreichischer-frauenlauf\\\/#breadcrumb\",\"itemListElement\":[{\"@type\":\"ListItem\",\"position\":1,\"name\":\"Home\",\"item\":\"https:\\\/\\\/www.weandmecfs.org\\\/de\\\/\"},{\"@type\":\"ListItem\",\"position\":2,\"name\":\"38. ASICS \u00d6sterreichischer Frauenlauf\"}]},{\"@type\":\"WebSite\",\"@id\":\"https:\\\/\\\/www.weandmecfs.org\\\/de\\\/#website\",\"url\":\"https:\\\/\\\/www.weandmecfs.org\\\/de\\\/\",\"name\":\"WE&ME Stiftung\",\"description\":\"Raising awareness, funds and support for #ME\\\/CFS.\",\"publisher\":{\"@id\":\"https:\\\/\\\/www.weandmecfs.org\\\/de\\\/#organization\"},\"potentialAction\":[{\"@type\":\"SearchAction\",\"target\":{\"@type\":\"EntryPoint\",\"urlTemplate\":\"https:\\\/\\\/www.weandmecfs.org\\\/de\\\/?s={search_term_string}\"},\"query-input\":{\"@type\":\"PropertyValueSpecification\",\"valueRequired\":true,\"valueName\":\"search_term_string\"}}],\"inLanguage\":\"de\"},{\"@type\":\"Organization\",\"@id\":\"https:\\\/\\\/www.weandmecfs.org\\\/de\\\/#organization\",\"name\":\"WE&ME Foundation\",\"url\":\"https:\\\/\\\/www.weandmecfs.org\\\/de\\\/\",\"logo\":{\"@type\":\"ImageObject\",\"inLanguage\":\"de\",\"@id\":\"https:\\\/\\\/www.weandmecfs.org\\\/de\\\/#\\\/schema\\\/logo\\\/image\\\/\",\"url\":\"https:\\\/\\\/www.weandmecfs.org\\\/wp-content\\\/uploads\\\/2025\\\/11\\\/logo.svg\",\"contentUrl\":\"https:\\\/\\\/www.weandmecfs.org\\\/wp-content\\\/uploads\\\/2025\\\/11\\\/logo.svg\",\"width\":1,\"height\":1,\"caption\":\"WE&ME Foundation\"},\"image\":{\"@id\":\"https:\\\/\\\/www.weandmecfs.org\\\/de\\\/#\\\/schema\\\/logo\\\/image\\\/\"},\"sameAs\":[\"https:\\\/\\\/x.com\\\/weandmecfs\",\"https:\\\/\\\/www.instagram.com\\\/weandmecfs\\\/\",\"https:\\\/\\\/www.linkedin.com\\\/company\\\/we-me-foundation\\\/\"]},{\"@type\":\"Person\",\"@id\":\"https:\\\/\\\/www.weandmecfs.org\\\/de\\\/#\\\/schema\\\/person\\\/804f56e75068c80235eecfb668c92028\",\"name\":\"Caroline Stroeck\",\"image\":{\"@type\":\"ImageObject\",\"inLanguage\":\"de\",\"@id\":\"https:\\\/\\\/secure.gravatar.com\\\/avatar\\\/7b1703aa82272043c70f5f1b6d5ace2ba00321097060178e64f8545a8abe87b0?s=96&d=mm&r=g\",\"url\":\"https:\\\/\\\/secure.gravatar.com\\\/avatar\\\/7b1703aa82272043c70f5f1b6d5ace2ba00321097060178e64f8545a8abe87b0?s=96&d=mm&r=g\",\"contentUrl\":\"https:\\\/\\\/secure.gravatar.com\\\/avatar\\\/7b1703aa82272043c70f5f1b6d5ace2ba00321097060178e64f8545a8abe87b0?s=96&d=mm&r=g\",\"caption\":\"Caroline Stroeck\"},\"url\":\"https:\\\/\\\/www.weandmecfs.org\\\/de\\\/author\\\/cstroeck\\\/\"}]}<\/script>\n<!-- \/ Yoast SEO plugin. -->","yoast_head_json":{"title":"38. ASICS \u00d6sterreichischer Frauenlauf &#8226; WE &amp; ME Stiftung","description":"ASICS \u00d6sterreichischer Frauenlauf 2026 \u2013 Gemeinsam laufen, gemeinsam helfen! Am 31. Mai 2026 wird der Wiener Prater wieder zum Treffpunkt f\u00fcr tausende","robots":{"index":"index","follow":"follow","max-snippet":"max-snippet:-1","max-image-preview":"max-image-preview:large","max-video-preview":"max-video-preview:-1"},"canonical":"https:\/\/www.weandmecfs.org\/de\/38-asics-oesterreichischer-frauenlauf\/","og_locale":"de_DE","og_type":"article","og_title":"38. ASICS \u00d6sterreichischer Frauenlauf &#8226; WE &amp; ME Stiftung","og_description":"ASICS \u00d6sterreichischer Frauenlauf 2026 \u2013 Gemeinsam laufen, gemeinsam helfen! Am 31. Mai 2026 wird der Wiener Prater wieder zum Treffpunkt f\u00fcr tausende","og_url":"https:\/\/www.weandmecfs.org\/de\/38-asics-oesterreichischer-frauenlauf\/","og_site_name":"WE &amp; ME Stiftung","article_published_time":"2026-04-27T13:58:24+00:00","article_modified_time":"2026-04-27T13:58:25+00:00","og_image":[{"width":1182,"height":665,"url":"https:\/\/www.weandmecfs.org\/wp-content\/uploads\/2026\/04\/1E2CFFFF-68A7-4720-8C51-183EB75859BB_1_105_c.jpeg","type":"image\/jpeg"}],"author":"Caroline Stroeck","twitter_card":"summary_large_image","twitter_creator":"@weandmecfs","twitter_site":"@weandmecfs","twitter_misc":{"Verfasst von":"Caroline Stroeck","Gesch\u00e4tzte Lesezeit":"2\u00a0Minuten"},"schema":{"@context":"https:\/\/schema.org","@graph":[{"@type":"Article","@id":"https:\/\/www.weandmecfs.org\/de\/38-asics-oesterreichischer-frauenlauf\/#article","isPartOf":{"@id":"https:\/\/www.weandmecfs.org\/de\/38-asics-oesterreichischer-frauenlauf\/"},"author":{"name":"Caroline Stroeck","@id":"https:\/\/www.weandmecfs.org\/de\/#\/schema\/person\/804f56e75068c80235eecfb668c92028"},"headline":"38. ASICS \u00d6sterreichischer Frauenlauf","datePublished":"2026-04-27T13:58:24+00:00","dateModified":"2026-04-27T13:58:25+00:00","mainEntityOfPage":{"@id":"https:\/\/www.weandmecfs.org\/de\/38-asics-oesterreichischer-frauenlauf\/"},"wordCount":146,"commentCount":0,"publisher":{"@id":"https:\/\/www.weandmecfs.org\/de\/#organization"},"image":{"@id":"https:\/\/www.weandmecfs.org\/de\/38-asics-oesterreichischer-frauenlauf\/#primaryimage"},"thumbnailUrl":"https:\/\/www.weandmecfs.org\/wp-content\/uploads\/2026\/04\/1E2CFFFF-68A7-4720-8C51-183EB75859BB_1_105_c.jpeg","articleSection":["Veranstaltung"],"inLanguage":"de","potentialAction":[{"@type":"CommentAction","name":"Comment","target":["https:\/\/www.weandmecfs.org\/de\/38-asics-oesterreichischer-frauenlauf\/#respond"]}]},{"@type":"WebPage","@id":"https:\/\/www.weandmecfs.org\/de\/38-asics-oesterreichischer-frauenlauf\/","url":"https:\/\/www.weandmecfs.org\/de\/38-asics-oesterreichischer-frauenlauf\/","name":"38. ASICS \u00d6sterreichischer Frauenlauf &#8226; WE &amp; ME Stiftung","isPartOf":{"@id":"https:\/\/www.weandmecfs.org\/de\/#website"},"primaryImageOfPage":{"@id":"https:\/\/www.weandmecfs.org\/de\/38-asics-oesterreichischer-frauenlauf\/#primaryimage"},"image":{"@id":"https:\/\/www.weandmecfs.org\/de\/38-asics-oesterreichischer-frauenlauf\/#primaryimage"},"thumbnailUrl":"https:\/\/www.weandmecfs.org\/wp-content\/uploads\/2026\/04\/1E2CFFFF-68A7-4720-8C51-183EB75859BB_1_105_c.jpeg","datePublished":"2026-04-27T13:58:24+00:00","dateModified":"2026-04-27T13:58:25+00:00","description":"ASICS \u00d6sterreichischer Frauenlauf 2026 \u2013 Gemeinsam laufen, gemeinsam helfen! Am 31. Mai 2026 wird der Wiener Prater wieder zum Treffpunkt f\u00fcr tausende","breadcrumb":{"@id":"https:\/\/www.weandmecfs.org\/de\/38-asics-oesterreichischer-frauenlauf\/#breadcrumb"},"inLanguage":"de","potentialAction":[{"@type":"ReadAction","target":["https:\/\/www.weandmecfs.org\/de\/38-asics-oesterreichischer-frauenlauf\/"]}]},{"@type":"ImageObject","inLanguage":"de","@id":"https:\/\/www.weandmecfs.org\/de\/38-asics-oesterreichischer-frauenlauf\/#primaryimage","url":"https:\/\/www.weandmecfs.org\/wp-content\/uploads\/2026\/04\/1E2CFFFF-68A7-4720-8C51-183EB75859BB_1_105_c.jpeg","contentUrl":"https:\/\/www.weandmecfs.org\/wp-content\/uploads\/2026\/04\/1E2CFFFF-68A7-4720-8C51-183EB75859BB_1_105_c.jpeg","width":1182,"height":665,"caption":"Eine Gruppe von Menschen in passenden hellblauen T-Shirts posiert und l\u00e4chelt vor einem wei\u00dfen Zelt bei einer Veranstaltung im Freien. Einige tragen Startnummern, andere stehen oder hocken an einem sonnigen Tag zusammen."},{"@type":"BreadcrumbList","@id":"https:\/\/www.weandmecfs.org\/de\/38-asics-oesterreichischer-frauenlauf\/#breadcrumb","itemListElement":[{"@type":"ListItem","position":1,"name":"Home","item":"https:\/\/www.weandmecfs.org\/de\/"},{"@type":"ListItem","position":2,"name":"38. ASICS \u00d6sterreichischer Frauenlauf"}]},{"@type":"WebSite","@id":"https:\/\/www.weandmecfs.org\/de\/#website","url":"https:\/\/www.weandmecfs.org\/de\/","name":"WE&ME Stiftung","description":"Raising awareness, funds and support for #ME\/CFS.","publisher":{"@id":"https:\/\/www.weandmecfs.org\/de\/#organization"},"potentialAction":[{"@type":"SearchAction","target":{"@type":"EntryPoint","urlTemplate":"https:\/\/www.weandmecfs.org\/de\/?s={search_term_string}"},"query-input":{"@type":"PropertyValueSpecification","valueRequired":true,"valueName":"search_term_string"}}],"inLanguage":"de"},{"@type":"Organization","@id":"https:\/\/www.weandmecfs.org\/de\/#organization","name":"WE&ME Foundation","url":"https:\/\/www.weandmecfs.org\/de\/","logo":{"@type":"ImageObject","inLanguage":"de","@id":"https:\/\/www.weandmecfs.org\/de\/#\/schema\/logo\/image\/","url":"https:\/\/www.weandmecfs.org\/wp-content\/uploads\/2025\/11\/logo.svg","contentUrl":"https:\/\/www.weandmecfs.org\/wp-content\/uploads\/2025\/11\/logo.svg","width":1,"height":1,"caption":"WE&ME Foundation"},"image":{"@id":"https:\/\/www.weandmecfs.org\/de\/#\/schema\/logo\/image\/"},"sameAs":["https:\/\/x.com\/weandmecfs","https:\/\/www.instagram.com\/weandmecfs\/","https:\/\/www.linkedin.com\/company\/we-me-foundation\/"]},{"@type":"Person","@id":"https:\/\/www.weandmecfs.org\/de\/#\/schema\/person\/804f56e75068c80235eecfb668c92028","name":"Caroline Stroeck","image":{"@type":"ImageObject","inLanguage":"de","@id":"https:\/\/secure.gravatar.com\/avatar\/7b1703aa82272043c70f5f1b6d5ace2ba00321097060178e64f8545a8abe87b0?s=96&d=mm&r=g","url":"https:\/\/secure.gravatar.com\/avatar\/7b1703aa82272043c70f5f1b6d5ace2ba00321097060178e64f8545a8abe87b0?s=96&d=mm&r=g","contentUrl":"https:\/\/secure.gravatar.com\/avatar\/7b1703aa82272043c70f5f1b6d5ace2ba00321097060178e64f8545a8abe87b0?s=96&d=mm&r=g","caption":"Caroline Stroeck"},"url":"https:\/\/www.weandmecfs.org\/de\/author\/cstroeck\/"}]}},"_links":{"self":[{"href":"https:\/\/www.weandmecfs.org\/de\/wp-json\/wp\/v2\/posts\/2478","targetHints":{"allow":["GET"]}}],"collection":[{"href":"https:\/\/www.weandmecfs.org\/de\/wp-json\/wp\/v2\/posts"}],"about":[{"href":"https:\/\/www.weandmecfs.org\/de\/wp-json\/wp\/v2\/types\/post"}],"author":[{"embeddable":true,"href":"https:\/\/www.weandmecfs.org\/de\/wp-json\/wp\/v2\/users\/4"}],"replies":[{"embeddable":true,"href":"https:\/\/www.weandmecfs.org\/de\/wp-json\/wp\/v2\/comments?post=2478"}],"version-history":[{"count":2,"href":"https:\/\/www.weandmecfs.org\/de\/wp-json\/wp\/v2\/posts\/2478\/revisions"}],"predecessor-version":[{"id":2481,"href":"https:\/\/www.weandmecfs.org\/de\/wp-json\/wp\/v2\/posts\/2478\/revisions\/2481"}],"wp:featuredmedia":[{"embeddable":true,"href":"https:\/\/www.weandmecfs.org\/de\/wp-json\/wp\/v2\/media\/2482"}],"wp:attachment":[{"href":"https:\/\/www.weandmecfs.org\/de\/wp-json\/wp\/v2\/media?parent=2478"}],"wp:term":[{"taxonomy":"category","embeddable":true,"href":"https:\/\/www.weandmecfs.org\/de\/wp-json\/wp\/v2\/categories?post=2478"},{"taxonomy":"post_tag","embeddable":true,"href":"https:\/\/www.weandmecfs.org\/de\/wp-json\/wp\/v2\/tags?post=2478"}],"curies":[{"name":"wp","href":"https:\/\/api.w.org\/{rel}","templated":true}]}}