{"id":2487,"date":"2026-04-27T15:08:59","date_gmt":"2026-04-27T14:08:59","guid":{"rendered":"https:\/\/www.weandmecfs.org\/?p=2487"},"modified":"2026-04-28T12:41:50","modified_gmt":"2026-04-28T11:41:50","slug":"city-gallery-vienna-ausstellung-mit-versteigerung","status":"publish","type":"post","link":"https:\/\/www.weandmecfs.org\/de\/city-gallery-vienna-ausstellung-mit-versteigerung\/","title":{"rendered":"City Gallery Vienna Ausstellung mit Versteigerung"},"content":{"rendered":"\n<p><strong>Kunst, die bewegt \u2013 f\u00fcr den guten Zweck. <\/strong><\/p>\n\n\n\n<p>Im Rahmen einer Finissage am <strong>6. Juni 2026 findet um 16:00 Uhr<\/strong> in der CITYgalleryVIENNA (Mahlerstra\u00dfe 11, 1010 Wien) eine <strong>Versteigerung<\/strong> ausgew\u00e4hlter Werke zugunsten der WE &amp; ME Foundation statt. Der Reinerl\u00f6s geht zu 100 % in die ME\/CFS-Forschung.<\/p>\n\n\n\n<p>Die Ausstellung l\u00e4uft bereits von 24. Mai bis einschlie\u00dflich 6. Juni 2026, t\u00e4glich von 14:00 bis 20:00 Uhr. Schon w\u00e4hrend der gesamten Ausstellungsdauer k\u00f6nnen Bilder erworben werden \u2013 ein Teil des Kaufpreises unterst\u00fctzt ebenfalls die WE &amp; ME Foundation.<\/p>\n\n\n\n<p>Zus\u00e4tzlich besteht vor Ort die M\u00f6glichkeit, direkt \u00fcber unsere Spendenbox zur Forschung beizutragen.<\/p>\n\n\n\n<p>Wir freuen uns \u00fcber alle, die Kunst genie\u00dfen, unterst\u00fctzen und gemeinsam Hoffnung schenken.<\/p>\n\n\n\n<p><a href=\"https:\/\/blitzquastl.at\" target=\"_blank\" rel=\"noreferrer noopener\">https:\/\/blitzquastl.at<\/a><\/p>\n\n\n\n<figure class=\"wp-block-image size-full\"><img loading=\"lazy\" width=\"768\" height=\"768\" src=\"https:\/\/www.weandmecfs.org\/wp-content\/uploads\/2026\/04\/EinladungHP-768x768-1.jpg\" alt=\"Einladung in deutscher Sprache zu einer Auktion von BLITZ grazi zugunsten der WE ME &amp; Foundation, mit einer einfachen Zeichnung einer Gl\u00fchbirne.\" class=\"wp-image-2488\" srcset=\"https:\/\/www.weandmecfs.org\/wp-content\/uploads\/2026\/04\/EinladungHP-768x768-1.jpg 768w, https:\/\/www.weandmecfs.org\/wp-content\/uploads\/2026\/04\/EinladungHP-768x768-1-300x300.jpg 300w, https:\/\/www.weandmecfs.org\/wp-content\/uploads\/2026\/04\/EinladungHP-768x768-1-150x150.jpg 150w, https:\/\/www.weandmecfs.org\/wp-content\/uploads\/2026\/04\/EinladungHP-768x768-1-450x450.jpg 450w, https:\/\/www.weandmecfs.org\/wp-content\/uploads\/2026\/04\/EinladungHP-768x768-1-720x720.jpg 720w\" sizes=\"(max-width: 768px) 100vw, 768px\" \/><\/figure>\n","protected":false},"excerpt":{"rendered":"<p>Kunst, die bewegt \u2013 f\u00fcr den guten Zweck. Im Rahmen einer Finissage am 6. Juni 2026 findet um 16:00 Uhr in der CITYgalleryVIENNA (Mahlerstra\u00dfe 11, 1010 Wien) eine Versteigerung ausgew\u00e4hlter Werke zugunsten der WE &amp; ME Foundation statt. Der Reinerl\u00f6s geht zu 100 % in die ME\/CFS-Forschung. Die Ausstellung l\u00e4uft bereits von 24. Mai bis [&hellip;]<\/p>\n","protected":false},"author":4,"featured_media":2523,"comment_status":"open","ping_status":"open","sticky":false,"template":"","format":"standard","meta":{"_acf_changed":false,"footnotes":""},"categories":[30],"tags":[],"class_list":["post-2487","post","type-post","status-publish","format-standard","has-post-thumbnail","hentry","category-event"],"acf":[],"yoast_head":"<!-- This site is optimized with the Yoast SEO plugin v27.5 - https:\/\/yoast.com\/product\/yoast-seo-wordpress\/ -->\n<title>City Gallery Vienna Ausstellung mit Versteigerung &#8226; WE &amp; ME Stiftung<\/title>\n<meta name=\"description\" content=\"Kunst, die bewegt \u2013 f\u00fcr den guten Zweck. Im Rahmen einer Finissage am 6. Juni 2026 findet um 16:00 Uhr in der CITYgalleryVIENNA (Mahlerstra\u00dfe 11, 1010\" \/>\n<meta name=\"robots\" content=\"index, follow, max-snippet:-1, max-image-preview:large, max-video-preview:-1\" \/>\n<link rel=\"canonical\" href=\"https:\/\/www.weandmecfs.org\/de\/city-gallery-vienna-ausstellung-mit-versteigerung\/\" \/>\n<meta property=\"og:locale\" content=\"de_DE\" \/>\n<meta property=\"og:type\" content=\"article\" \/>\n<meta property=\"og:title\" content=\"City Gallery Vienna Ausstellung mit Versteigerung &#8226; WE &amp; ME Stiftung\" \/>\n<meta property=\"og:description\" content=\"Kunst, die bewegt \u2013 f\u00fcr den guten Zweck. Im Rahmen einer Finissage am 6. Juni 2026 findet um 16:00 Uhr in der CITYgalleryVIENNA (Mahlerstra\u00dfe 11, 1010\" \/>\n<meta property=\"og:url\" content=\"https:\/\/www.weandmecfs.org\/de\/city-gallery-vienna-ausstellung-mit-versteigerung\/\" \/>\n<meta property=\"og:site_name\" content=\"WE &amp; ME Stiftung\" \/>\n<meta property=\"article:published_time\" content=\"2026-04-27T14:08:59+00:00\" \/>\n<meta property=\"article:modified_time\" content=\"2026-04-28T11:41:50+00:00\" \/>\n<meta property=\"og:image\" content=\"https:\/\/www.weandmecfs.org\/wp-content\/uploads\/2026\/04\/Logo-Blitzquastl.png\" \/>\n\t<meta property=\"og:image:width\" content=\"764\" \/>\n\t<meta property=\"og:image:height\" content=\"457\" \/>\n\t<meta property=\"og:image:type\" content=\"image\/png\" \/>\n<meta name=\"author\" content=\"Caroline Stroeck\" \/>\n<meta name=\"twitter:card\" content=\"summary_large_image\" \/>\n<meta name=\"twitter:creator\" content=\"@weandmecfs\" \/>\n<meta name=\"twitter:site\" content=\"@weandmecfs\" \/>\n<meta name=\"twitter:label1\" content=\"Verfasst von\" \/>\n\t<meta name=\"twitter:data1\" content=\"Caroline Stroeck\" \/>\n\t<meta name=\"twitter:label2\" content=\"Gesch\u00e4tzte Lesezeit\" \/>\n\t<meta name=\"twitter:data2\" content=\"2\u00a0Minuten\" \/>\n<script type=\"application\/ld+json\" class=\"yoast-schema-graph\">{\"@context\":\"https:\\\/\\\/schema.org\",\"@graph\":[{\"@type\":\"Article\",\"@id\":\"https:\\\/\\\/www.weandmecfs.org\\\/de\\\/city-gallery-vienna-ausstellung-mit-versteigerung\\\/#article\",\"isPartOf\":{\"@id\":\"https:\\\/\\\/www.weandmecfs.org\\\/de\\\/city-gallery-vienna-ausstellung-mit-versteigerung\\\/\"},\"author\":{\"name\":\"Caroline Stroeck\",\"@id\":\"https:\\\/\\\/www.weandmecfs.org\\\/de\\\/#\\\/schema\\\/person\\\/804f56e75068c80235eecfb668c92028\"},\"headline\":\"City Gallery Vienna Ausstellung mit Versteigerung\",\"datePublished\":\"2026-04-27T14:08:59+00:00\",\"dateModified\":\"2026-04-28T11:41:50+00:00\",\"mainEntityOfPage\":{\"@id\":\"https:\\\/\\\/www.weandmecfs.org\\\/de\\\/city-gallery-vienna-ausstellung-mit-versteigerung\\\/\"},\"wordCount\":122,\"commentCount\":0,\"publisher\":{\"@id\":\"https:\\\/\\\/www.weandmecfs.org\\\/de\\\/#organization\"},\"image\":{\"@id\":\"https:\\\/\\\/www.weandmecfs.org\\\/de\\\/city-gallery-vienna-ausstellung-mit-versteigerung\\\/#primaryimage\"},\"thumbnailUrl\":\"https:\\\/\\\/www.weandmecfs.org\\\/wp-content\\\/uploads\\\/2026\\\/04\\\/Logo-Blitzquastl.png\",\"articleSection\":[\"Veranstaltung\"],\"inLanguage\":\"de\",\"potentialAction\":[{\"@type\":\"CommentAction\",\"name\":\"Comment\",\"target\":[\"https:\\\/\\\/www.weandmecfs.org\\\/de\\\/city-gallery-vienna-ausstellung-mit-versteigerung\\\/#respond\"]}]},{\"@type\":\"WebPage\",\"@id\":\"https:\\\/\\\/www.weandmecfs.org\\\/de\\\/city-gallery-vienna-ausstellung-mit-versteigerung\\\/\",\"url\":\"https:\\\/\\\/www.weandmecfs.org\\\/de\\\/city-gallery-vienna-ausstellung-mit-versteigerung\\\/\",\"name\":\"City Gallery Vienna Ausstellung mit Versteigerung &#8226; WE &amp; ME Stiftung\",\"isPartOf\":{\"@id\":\"https:\\\/\\\/www.weandmecfs.org\\\/de\\\/#website\"},\"primaryImageOfPage\":{\"@id\":\"https:\\\/\\\/www.weandmecfs.org\\\/de\\\/city-gallery-vienna-ausstellung-mit-versteigerung\\\/#primaryimage\"},\"image\":{\"@id\":\"https:\\\/\\\/www.weandmecfs.org\\\/de\\\/city-gallery-vienna-ausstellung-mit-versteigerung\\\/#primaryimage\"},\"thumbnailUrl\":\"https:\\\/\\\/www.weandmecfs.org\\\/wp-content\\\/uploads\\\/2026\\\/04\\\/Logo-Blitzquastl.png\",\"datePublished\":\"2026-04-27T14:08:59+00:00\",\"dateModified\":\"2026-04-28T11:41:50+00:00\",\"description\":\"Kunst, die bewegt \u2013 f\u00fcr den guten Zweck. Im Rahmen einer Finissage am 6. Juni 2026 findet um 16:00 Uhr in der CITYgalleryVIENNA (Mahlerstra\u00dfe 11, 1010\",\"breadcrumb\":{\"@id\":\"https:\\\/\\\/www.weandmecfs.org\\\/de\\\/city-gallery-vienna-ausstellung-mit-versteigerung\\\/#breadcrumb\"},\"inLanguage\":\"de\",\"potentialAction\":[{\"@type\":\"ReadAction\",\"target\":[\"https:\\\/\\\/www.weandmecfs.org\\\/de\\\/city-gallery-vienna-ausstellung-mit-versteigerung\\\/\"]}]},{\"@type\":\"ImageObject\",\"inLanguage\":\"de\",\"@id\":\"https:\\\/\\\/www.weandmecfs.org\\\/de\\\/city-gallery-vienna-ausstellung-mit-versteigerung\\\/#primaryimage\",\"url\":\"https:\\\/\\\/www.weandmecfs.org\\\/wp-content\\\/uploads\\\/2026\\\/04\\\/Logo-Blitzquastl.png\",\"contentUrl\":\"https:\\\/\\\/www.weandmecfs.org\\\/wp-content\\\/uploads\\\/2026\\\/04\\\/Logo-Blitzquastl.png\",\"width\":764,\"height\":457,\"caption\":\"Ein stilisierter Pinguin beugt sich \u00fcber ein gelbes Sechseck und bildet den Buchstaben Q. Darunter steht BLITZgnash in einer verspielten, unregelm\u00e4\u00dfigen Schrift. Der Hintergrund ist wei\u00df.\"},{\"@type\":\"BreadcrumbList\",\"@id\":\"https:\\\/\\\/www.weandmecfs.org\\\/de\\\/city-gallery-vienna-ausstellung-mit-versteigerung\\\/#breadcrumb\",\"itemListElement\":[{\"@type\":\"ListItem\",\"position\":1,\"name\":\"Home\",\"item\":\"https:\\\/\\\/www.weandmecfs.org\\\/de\\\/\"},{\"@type\":\"ListItem\",\"position\":2,\"name\":\"City Gallery Vienna Ausstellung mit Versteigerung\"}]},{\"@type\":\"WebSite\",\"@id\":\"https:\\\/\\\/www.weandmecfs.org\\\/de\\\/#website\",\"url\":\"https:\\\/\\\/www.weandmecfs.org\\\/de\\\/\",\"name\":\"WE&ME Stiftung\",\"description\":\"Raising awareness, funds and support for #ME\\\/CFS.\",\"publisher\":{\"@id\":\"https:\\\/\\\/www.weandmecfs.org\\\/de\\\/#organization\"},\"potentialAction\":[{\"@type\":\"SearchAction\",\"target\":{\"@type\":\"EntryPoint\",\"urlTemplate\":\"https:\\\/\\\/www.weandmecfs.org\\\/de\\\/?s={search_term_string}\"},\"query-input\":{\"@type\":\"PropertyValueSpecification\",\"valueRequired\":true,\"valueName\":\"search_term_string\"}}],\"inLanguage\":\"de\"},{\"@type\":\"Organization\",\"@id\":\"https:\\\/\\\/www.weandmecfs.org\\\/de\\\/#organization\",\"name\":\"WE&ME Foundation\",\"url\":\"https:\\\/\\\/www.weandmecfs.org\\\/de\\\/\",\"logo\":{\"@type\":\"ImageObject\",\"inLanguage\":\"de\",\"@id\":\"https:\\\/\\\/www.weandmecfs.org\\\/de\\\/#\\\/schema\\\/logo\\\/image\\\/\",\"url\":\"https:\\\/\\\/www.weandmecfs.org\\\/wp-content\\\/uploads\\\/2025\\\/11\\\/logo.svg\",\"contentUrl\":\"https:\\\/\\\/www.weandmecfs.org\\\/wp-content\\\/uploads\\\/2025\\\/11\\\/logo.svg\",\"width\":1,\"height\":1,\"caption\":\"WE&ME Foundation\"},\"image\":{\"@id\":\"https:\\\/\\\/www.weandmecfs.org\\\/de\\\/#\\\/schema\\\/logo\\\/image\\\/\"},\"sameAs\":[\"https:\\\/\\\/x.com\\\/weandmecfs\",\"https:\\\/\\\/www.instagram.com\\\/weandmecfs\\\/\",\"https:\\\/\\\/www.linkedin.com\\\/company\\\/we-me-foundation\\\/\"]},{\"@type\":\"Person\",\"@id\":\"https:\\\/\\\/www.weandmecfs.org\\\/de\\\/#\\\/schema\\\/person\\\/804f56e75068c80235eecfb668c92028\",\"name\":\"Caroline Stroeck\",\"image\":{\"@type\":\"ImageObject\",\"inLanguage\":\"de\",\"@id\":\"https:\\\/\\\/secure.gravatar.com\\\/avatar\\\/7b1703aa82272043c70f5f1b6d5ace2ba00321097060178e64f8545a8abe87b0?s=96&d=mm&r=g\",\"url\":\"https:\\\/\\\/secure.gravatar.com\\\/avatar\\\/7b1703aa82272043c70f5f1b6d5ace2ba00321097060178e64f8545a8abe87b0?s=96&d=mm&r=g\",\"contentUrl\":\"https:\\\/\\\/secure.gravatar.com\\\/avatar\\\/7b1703aa82272043c70f5f1b6d5ace2ba00321097060178e64f8545a8abe87b0?s=96&d=mm&r=g\",\"caption\":\"Caroline Stroeck\"},\"url\":\"https:\\\/\\\/www.weandmecfs.org\\\/de\\\/author\\\/cstroeck\\\/\"}]}<\/script>\n<!-- \/ Yoast SEO plugin. -->","yoast_head_json":{"title":"City Gallery Vienna Ausstellung mit Versteigerung &#8226; WE &amp; ME Stiftung","description":"Kunst, die bewegt \u2013 f\u00fcr den guten Zweck. Im Rahmen einer Finissage am 6. Juni 2026 findet um 16:00 Uhr in der CITYgalleryVIENNA (Mahlerstra\u00dfe 11, 1010","robots":{"index":"index","follow":"follow","max-snippet":"max-snippet:-1","max-image-preview":"max-image-preview:large","max-video-preview":"max-video-preview:-1"},"canonical":"https:\/\/www.weandmecfs.org\/de\/city-gallery-vienna-ausstellung-mit-versteigerung\/","og_locale":"de_DE","og_type":"article","og_title":"City Gallery Vienna Ausstellung mit Versteigerung &#8226; WE &amp; ME Stiftung","og_description":"Kunst, die bewegt \u2013 f\u00fcr den guten Zweck. Im Rahmen einer Finissage am 6. Juni 2026 findet um 16:00 Uhr in der CITYgalleryVIENNA (Mahlerstra\u00dfe 11, 1010","og_url":"https:\/\/www.weandmecfs.org\/de\/city-gallery-vienna-ausstellung-mit-versteigerung\/","og_site_name":"WE &amp; ME Stiftung","article_published_time":"2026-04-27T14:08:59+00:00","article_modified_time":"2026-04-28T11:41:50+00:00","og_image":[{"width":764,"height":457,"url":"https:\/\/www.weandmecfs.org\/wp-content\/uploads\/2026\/04\/Logo-Blitzquastl.png","type":"image\/png"}],"author":"Caroline Stroeck","twitter_card":"summary_large_image","twitter_creator":"@weandmecfs","twitter_site":"@weandmecfs","twitter_misc":{"Verfasst von":"Caroline Stroeck","Gesch\u00e4tzte Lesezeit":"2\u00a0Minuten"},"schema":{"@context":"https:\/\/schema.org","@graph":[{"@type":"Article","@id":"https:\/\/www.weandmecfs.org\/de\/city-gallery-vienna-ausstellung-mit-versteigerung\/#article","isPartOf":{"@id":"https:\/\/www.weandmecfs.org\/de\/city-gallery-vienna-ausstellung-mit-versteigerung\/"},"author":{"name":"Caroline Stroeck","@id":"https:\/\/www.weandmecfs.org\/de\/#\/schema\/person\/804f56e75068c80235eecfb668c92028"},"headline":"City Gallery Vienna Ausstellung mit Versteigerung","datePublished":"2026-04-27T14:08:59+00:00","dateModified":"2026-04-28T11:41:50+00:00","mainEntityOfPage":{"@id":"https:\/\/www.weandmecfs.org\/de\/city-gallery-vienna-ausstellung-mit-versteigerung\/"},"wordCount":122,"commentCount":0,"publisher":{"@id":"https:\/\/www.weandmecfs.org\/de\/#organization"},"image":{"@id":"https:\/\/www.weandmecfs.org\/de\/city-gallery-vienna-ausstellung-mit-versteigerung\/#primaryimage"},"thumbnailUrl":"https:\/\/www.weandmecfs.org\/wp-content\/uploads\/2026\/04\/Logo-Blitzquastl.png","articleSection":["Veranstaltung"],"inLanguage":"de","potentialAction":[{"@type":"CommentAction","name":"Comment","target":["https:\/\/www.weandmecfs.org\/de\/city-gallery-vienna-ausstellung-mit-versteigerung\/#respond"]}]},{"@type":"WebPage","@id":"https:\/\/www.weandmecfs.org\/de\/city-gallery-vienna-ausstellung-mit-versteigerung\/","url":"https:\/\/www.weandmecfs.org\/de\/city-gallery-vienna-ausstellung-mit-versteigerung\/","name":"City Gallery Vienna Ausstellung mit Versteigerung &#8226; WE &amp; ME Stiftung","isPartOf":{"@id":"https:\/\/www.weandmecfs.org\/de\/#website"},"primaryImageOfPage":{"@id":"https:\/\/www.weandmecfs.org\/de\/city-gallery-vienna-ausstellung-mit-versteigerung\/#primaryimage"},"image":{"@id":"https:\/\/www.weandmecfs.org\/de\/city-gallery-vienna-ausstellung-mit-versteigerung\/#primaryimage"},"thumbnailUrl":"https:\/\/www.weandmecfs.org\/wp-content\/uploads\/2026\/04\/Logo-Blitzquastl.png","datePublished":"2026-04-27T14:08:59+00:00","dateModified":"2026-04-28T11:41:50+00:00","description":"Kunst, die bewegt \u2013 f\u00fcr den guten Zweck. Im Rahmen einer Finissage am 6. Juni 2026 findet um 16:00 Uhr in der CITYgalleryVIENNA (Mahlerstra\u00dfe 11, 1010","breadcrumb":{"@id":"https:\/\/www.weandmecfs.org\/de\/city-gallery-vienna-ausstellung-mit-versteigerung\/#breadcrumb"},"inLanguage":"de","potentialAction":[{"@type":"ReadAction","target":["https:\/\/www.weandmecfs.org\/de\/city-gallery-vienna-ausstellung-mit-versteigerung\/"]}]},{"@type":"ImageObject","inLanguage":"de","@id":"https:\/\/www.weandmecfs.org\/de\/city-gallery-vienna-ausstellung-mit-versteigerung\/#primaryimage","url":"https:\/\/www.weandmecfs.org\/wp-content\/uploads\/2026\/04\/Logo-Blitzquastl.png","contentUrl":"https:\/\/www.weandmecfs.org\/wp-content\/uploads\/2026\/04\/Logo-Blitzquastl.png","width":764,"height":457,"caption":"Ein stilisierter Pinguin beugt sich \u00fcber ein gelbes Sechseck und bildet den Buchstaben Q. Darunter steht BLITZgnash in einer verspielten, unregelm\u00e4\u00dfigen Schrift. Der Hintergrund ist wei\u00df."},{"@type":"BreadcrumbList","@id":"https:\/\/www.weandmecfs.org\/de\/city-gallery-vienna-ausstellung-mit-versteigerung\/#breadcrumb","itemListElement":[{"@type":"ListItem","position":1,"name":"Home","item":"https:\/\/www.weandmecfs.org\/de\/"},{"@type":"ListItem","position":2,"name":"City Gallery Vienna Ausstellung mit Versteigerung"}]},{"@type":"WebSite","@id":"https:\/\/www.weandmecfs.org\/de\/#website","url":"https:\/\/www.weandmecfs.org\/de\/","name":"WE&ME Stiftung","description":"Raising awareness, funds and support for #ME\/CFS.","publisher":{"@id":"https:\/\/www.weandmecfs.org\/de\/#organization"},"potentialAction":[{"@type":"SearchAction","target":{"@type":"EntryPoint","urlTemplate":"https:\/\/www.weandmecfs.org\/de\/?s={search_term_string}"},"query-input":{"@type":"PropertyValueSpecification","valueRequired":true,"valueName":"search_term_string"}}],"inLanguage":"de"},{"@type":"Organization","@id":"https:\/\/www.weandmecfs.org\/de\/#organization","name":"WE&ME Foundation","url":"https:\/\/www.weandmecfs.org\/de\/","logo":{"@type":"ImageObject","inLanguage":"de","@id":"https:\/\/www.weandmecfs.org\/de\/#\/schema\/logo\/image\/","url":"https:\/\/www.weandmecfs.org\/wp-content\/uploads\/2025\/11\/logo.svg","contentUrl":"https:\/\/www.weandmecfs.org\/wp-content\/uploads\/2025\/11\/logo.svg","width":1,"height":1,"caption":"WE&ME Foundation"},"image":{"@id":"https:\/\/www.weandmecfs.org\/de\/#\/schema\/logo\/image\/"},"sameAs":["https:\/\/x.com\/weandmecfs","https:\/\/www.instagram.com\/weandmecfs\/","https:\/\/www.linkedin.com\/company\/we-me-foundation\/"]},{"@type":"Person","@id":"https:\/\/www.weandmecfs.org\/de\/#\/schema\/person\/804f56e75068c80235eecfb668c92028","name":"Caroline Stroeck","image":{"@type":"ImageObject","inLanguage":"de","@id":"https:\/\/secure.gravatar.com\/avatar\/7b1703aa82272043c70f5f1b6d5ace2ba00321097060178e64f8545a8abe87b0?s=96&d=mm&r=g","url":"https:\/\/secure.gravatar.com\/avatar\/7b1703aa82272043c70f5f1b6d5ace2ba00321097060178e64f8545a8abe87b0?s=96&d=mm&r=g","contentUrl":"https:\/\/secure.gravatar.com\/avatar\/7b1703aa82272043c70f5f1b6d5ace2ba00321097060178e64f8545a8abe87b0?s=96&d=mm&r=g","caption":"Caroline Stroeck"},"url":"https:\/\/www.weandmecfs.org\/de\/author\/cstroeck\/"}]}},"_links":{"self":[{"href":"https:\/\/www.weandmecfs.org\/de\/wp-json\/wp\/v2\/posts\/2487","targetHints":{"allow":["GET"]}}],"collection":[{"href":"https:\/\/www.weandmecfs.org\/de\/wp-json\/wp\/v2\/posts"}],"about":[{"href":"https:\/\/www.weandmecfs.org\/de\/wp-json\/wp\/v2\/types\/post"}],"author":[{"embeddable":true,"href":"https:\/\/www.weandmecfs.org\/de\/wp-json\/wp\/v2\/users\/4"}],"replies":[{"embeddable":true,"href":"https:\/\/www.weandmecfs.org\/de\/wp-json\/wp\/v2\/comments?post=2487"}],"version-history":[{"count":3,"href":"https:\/\/www.weandmecfs.org\/de\/wp-json\/wp\/v2\/posts\/2487\/revisions"}],"predecessor-version":[{"id":2492,"href":"https:\/\/www.weandmecfs.org\/de\/wp-json\/wp\/v2\/posts\/2487\/revisions\/2492"}],"wp:featuredmedia":[{"embeddable":true,"href":"https:\/\/www.weandmecfs.org\/de\/wp-json\/wp\/v2\/media\/2523"}],"wp:attachment":[{"href":"https:\/\/www.weandmecfs.org\/de\/wp-json\/wp\/v2\/media?parent=2487"}],"wp:term":[{"taxonomy":"category","embeddable":true,"href":"https:\/\/www.weandmecfs.org\/de\/wp-json\/wp\/v2\/categories?post=2487"},{"taxonomy":"post_tag","embeddable":true,"href":"https:\/\/www.weandmecfs.org\/de\/wp-json\/wp\/v2\/tags?post=2487"}],"curies":[{"name":"wp","href":"https:\/\/api.w.org\/{rel}","templated":true}]}}